{"id":8871,"date":"2019-08-14T11:39:09","date_gmt":"2019-08-14T14:39:09","guid":{"rendered":"http:\/\/entreriosbasquet.com\/site\/?p=8871"},"modified":"2019-08-14T11:39:09","modified_gmt":"2019-08-14T14:39:09","slug":"alan-moreno-continuara-en-echague","status":"publish","type":"post","link":"https:\/\/entreriosbasquet.com\/site\/2019\/08\/14\/alan-moreno-continuara-en-echague\/","title":{"rendered":"Alan Moreno continuar\u00e1 en Echag\u00fce"},"content":{"rendered":"<div style=\"text-align: justify;\">La Comisi\u00f3n Directiva de Echag\u00fce decidi\u00f3 contratar para una nueva temporada a Alan Moreno. Moreno jug\u00f3 39 partidos durante la temporada 2018\/19 con promedios de 15,6 minutos; 6,4 puntos; 56% de dobles; 43,2% en triples; 80% en libres; 1,6 rebotes y 4,9 de valoraci\u00f3n.<\/div>\n<div style=\"text-align: justify;\"><\/div>\n<div style=\"text-align: justify;\">Echag\u00fce confirm\u00f3 a Oscar Bonell como DT, seis fichas mayores nacionales: Ignacio \u2018Nacho\u2019 Fern\u00e1ndez, Agust\u00edn Carnovale, Mateo Gaynor, Bruno Oprandi, Alejandro Zilli, Laureano Zalio; una ficha U23 libre Gonzalo Romero; y dos fichas nacionales oriundas, Charles Xavier Parker y Alan Moreno.<\/div>\n<div style=\"text-align: justify;\"><\/div>\n<div style=\"text-align: justify;\"><strong>Ficha Personal<\/strong><\/div>\n<div style=\"text-align: justify;\">. Edad: 22 a\u00f1os (04\/07\/1997)<\/div>\n<div style=\"text-align: justify;\">. Lugar de Nacimiento: Villa Carlos Paz, C\u00f3rdoba.<\/div>\n<div style=\"text-align: justify;\">. Altura: 1.85 mts.<\/div>\n<div style=\"text-align: justify;\">. Posici\u00f3n: Escolta-Alero.<\/div>\n<div style=\"text-align: justify;\"><\/div>\n<div style=\"text-align: justify;\"><strong>Trayectoria deportiva<\/strong><\/div>\n<div style=\"text-align: justify;\">. Inicio: Caza y Pesca de Carlos Paz, Sportivo Bol\u00edvar de Carlos Paz 2014, Pe\u00f1arol de Mar de Plata<\/div>\n<div style=\"text-align: justify;\">. Divisiones formativas torneo local 2014\/15: Sportivo Bol\u00edvar de Carlos Paz LP CBA 2015\/2016, Sportivo Bolivar de Carlos Paz LP CBA 2016\/2017, Atl\u00e9tico Tostado TFB 2017\/2018; adem\u00e1s integr\u00f3 diversos seleccionados de la Provincia de C\u00f3rdoba en categor\u00edas formativas.<\/div>\n","protected":false},"excerpt":{"rendered":"<p>La Comisi\u00f3n Directiva de Echag\u00fce decidi\u00f3 contratar para una nueva temporada a Alan Moreno. Moreno jug\u00f3 39 partidos durante la temporada 2018\/19 con promedios de 15,6 minutos; 6,4 puntos; 56% de dobles; 43,2% en triples; 80% en libres; 1,6 rebotes y 4,9 de valoraci\u00f3n. Echag\u00fce confirm\u00f3 a Oscar Bonell como DT, seis fichas mayores nacionales: [&hellip;]<\/p>\n","protected":false},"author":5,"featured_media":8872,"comment_status":"closed","ping_status":"open","sticky":false,"template":"","format":"standard","meta":[],"categories":[11],"tags":[514,39],"_links":{"self":[{"href":"https:\/\/entreriosbasquet.com\/site\/wp-json\/wp\/v2\/posts\/8871"}],"collection":[{"href":"https:\/\/entreriosbasquet.com\/site\/wp-json\/wp\/v2\/posts"}],"about":[{"href":"https:\/\/entreriosbasquet.com\/site\/wp-json\/wp\/v2\/types\/post"}],"author":[{"embeddable":true,"href":"https:\/\/entreriosbasquet.com\/site\/wp-json\/wp\/v2\/users\/5"}],"replies":[{"embeddable":true,"href":"https:\/\/entreriosbasquet.com\/site\/wp-json\/wp\/v2\/comments?post=8871"}],"version-history":[{"count":1,"href":"https:\/\/entreriosbasquet.com\/site\/wp-json\/wp\/v2\/posts\/8871\/revisions"}],"predecessor-version":[{"id":8873,"href":"https:\/\/entreriosbasquet.com\/site\/wp-json\/wp\/v2\/posts\/8871\/revisions\/8873"}],"wp:featuredmedia":[{"embeddable":true,"href":"https:\/\/entreriosbasquet.com\/site\/wp-json\/wp\/v2\/media\/8872"}],"wp:attachment":[{"href":"https:\/\/entreriosbasquet.com\/site\/wp-json\/wp\/v2\/media?parent=8871"}],"wp:term":[{"taxonomy":"category","embeddable":true,"href":"https:\/\/entreriosbasquet.com\/site\/wp-json\/wp\/v2\/categories?post=8871"},{"taxonomy":"post_tag","embeddable":true,"href":"https:\/\/entreriosbasquet.com\/site\/wp-json\/wp\/v2\/tags?post=8871"}],"curies":[{"name":"wp","href":"https:\/\/api.w.org\/{rel}","templated":true}]}}