{"id":8868,"date":"2019-08-14T11:14:30","date_gmt":"2019-08-14T14:14:30","guid":{"rendered":"http:\/\/entreriosbasquet.com\/site\/?p=8868"},"modified":"2019-08-14T11:14:30","modified_gmt":"2019-08-14T14:14:30","slug":"capuchinos-cerca-de-completar-el-plantel","status":"publish","type":"post","link":"https:\/\/entreriosbasquet.com\/site\/2019\/08\/14\/capuchinos-cerca-de-completar-el-plantel\/","title":{"rendered":"Capuchinos cerca de completar el plantel"},"content":{"rendered":"<p style=\"font-weight: 400; text-align: justify;\">Con las llegadas de Joaqu\u00edn G\u00f3mez Delconte y de Augusto Bruera se empieza\u00a0 a definir el plantel del \u00a8negro\u00a8 que va a disputar la temporada 2019\/2020 del Torneo Federal de B\u00e1squet. Estos dos jugadores se suman a Facundo Ortiz, Agust\u00edn Silva, Marco Bosch, Brahian Buticci y\u00a0Tom\u00e1s Verbauwede. S\u00f3lo resta una ficha para completar el equipo que va a tener a Mart\u00edn Amden como Director T\u00e9cnico.<\/p>\n<p style=\"font-weight: 400; text-align: justify;\">Joaqu\u00edn G\u00f3mez Delconte tiene 22 a\u00f1os y naci\u00f3 en Santiago del Estero el 08\/01\/1997. Mide 1.97 mtrs y se puede desempe\u00f1ar tanto de ala p\u00edvot como de alero. Realiz\u00f3 toda su carrera en Ciclista Ol\u00edmpico de La Banda, integrando el equipo de Liga Nacional, Liga de Desarrollo y 3&#215;3. En la temporada 2016\/2017 integr\u00f3 el equipo en el ex TNA de Independiente BBC, tambi\u00e9n de la capital santiague\u00f1a.<\/p>\n<p style=\"font-weight: 400; text-align: justify;\">Por su parte Augusto Bruera es oriundo de C\u00f3rdoba Capital y tiene 21 a\u00f1os. Mide 2.01 y juega de 3\/4 pero tambi\u00e9n puede hacerlo sin problemas en el poste bajo. Form\u00f3 parte de las categor\u00edas intermedias de Instituto de C\u00f3rdoba. Jug\u00f3 en la temporada 2017\/2018 en el Torneo Federal con 9 de Julio de R\u00edo Tercero y en la campa\u00f1a anterior lo hizo en Central Argentino Ol\u00edmpico de Ceres en la Liga Argentina.<\/p>\n<p style=\"font-weight: 400; text-align: justify;\">Con estas dos confirmaciones a Capuchinos solo le resta una ficha para completar el plantel que va a disputar por quinto a\u00f1o consecutivo el Torneo Federal de B\u00e1squet.<\/p>\n","protected":false},"excerpt":{"rendered":"<p>Con las llegadas de Joaqu\u00edn G\u00f3mez Delconte y de Augusto Bruera se empieza\u00a0 a definir el plantel del \u00a8negro\u00a8 que va a disputar la temporada 2019\/2020 del Torneo Federal de B\u00e1squet. Estos dos jugadores se suman a Facundo Ortiz, Agust\u00edn Silva, Marco Bosch, Brahian Buticci y\u00a0Tom\u00e1s Verbauwede. S\u00f3lo resta una ficha para completar el equipo [&hellip;]<\/p>\n","protected":false},"author":5,"featured_media":8869,"comment_status":"closed","ping_status":"open","sticky":false,"template":"","format":"standard","meta":[],"categories":[16],"tags":[191,29],"_links":{"self":[{"href":"https:\/\/entreriosbasquet.com\/site\/wp-json\/wp\/v2\/posts\/8868"}],"collection":[{"href":"https:\/\/entreriosbasquet.com\/site\/wp-json\/wp\/v2\/posts"}],"about":[{"href":"https:\/\/entreriosbasquet.com\/site\/wp-json\/wp\/v2\/types\/post"}],"author":[{"embeddable":true,"href":"https:\/\/entreriosbasquet.com\/site\/wp-json\/wp\/v2\/users\/5"}],"replies":[{"embeddable":true,"href":"https:\/\/entreriosbasquet.com\/site\/wp-json\/wp\/v2\/comments?post=8868"}],"version-history":[{"count":1,"href":"https:\/\/entreriosbasquet.com\/site\/wp-json\/wp\/v2\/posts\/8868\/revisions"}],"predecessor-version":[{"id":8870,"href":"https:\/\/entreriosbasquet.com\/site\/wp-json\/wp\/v2\/posts\/8868\/revisions\/8870"}],"wp:featuredmedia":[{"embeddable":true,"href":"https:\/\/entreriosbasquet.com\/site\/wp-json\/wp\/v2\/media\/8869"}],"wp:attachment":[{"href":"https:\/\/entreriosbasquet.com\/site\/wp-json\/wp\/v2\/media?parent=8868"}],"wp:term":[{"taxonomy":"category","embeddable":true,"href":"https:\/\/entreriosbasquet.com\/site\/wp-json\/wp\/v2\/categories?post=8868"},{"taxonomy":"post_tag","embeddable":true,"href":"https:\/\/entreriosbasquet.com\/site\/wp-json\/wp\/v2\/tags?post=8868"}],"curies":[{"name":"wp","href":"https:\/\/api.w.org\/{rel}","templated":true}]}}