{"id":8701,"date":"2019-07-24T11:41:12","date_gmt":"2019-07-24T14:41:12","guid":{"rendered":"http:\/\/entreriosbasquet.com\/site\/?p=8701"},"modified":"2019-07-24T11:41:12","modified_gmt":"2019-07-24T14:41:12","slug":"estudiantes-sumo-al-brasileno-adriano-alves-junior","status":"publish","type":"post","link":"https:\/\/entreriosbasquet.com\/site\/2019\/07\/24\/estudiantes-sumo-al-brasileno-adriano-alves-junior\/","title":{"rendered":"Estudiantes sum\u00f3 al brasile\u00f1o Adriano Alves Junior"},"content":{"rendered":"<p style=\"text-align: justify;\">El Club <strong>Estudiantes Concordia<\/strong> contin\u00faa d\u00e1ndole forma al plantel profesional, con el cual afrontar\u00e1 el Super 20 y La Liga Nacional de B\u00e1squetbol 2019\/20.<\/p>\n<p style=\"text-align: justify;\">En las \u00faltimas horas, desde la dirigencia de la instituci\u00f3n se confirm\u00f3 la llegada de un jugador brasilero que se transforma as\u00ed en el primer extranjero que tendr\u00e1 a su cargo Eduardo J\u00e1pez.<\/p>\n<p style=\"text-align: justify;\">Se trata de <strong>Adriano Alves Junior<\/strong>, un pivot de 2,08 de altura y 143 kg de peso nacido el 31 de marzo de 1995 en Osasco (San Pablo) que durante la pasada temporada defendi\u00f3 los colores de Sesi Franca en la Liga Brasilera.<\/p>\n<p style=\"text-align: justify;\">El interno brasilero se transforma as\u00ed en la cuarta incorporaci\u00f3n, sumadas a las de Enzo Cafferata, Juan Ignacio Laterza y Xavier Carreras, como parte de la plantilla que participar\u00e1 por s\u00e9ptima temporada consecutiva de la m\u00e1xima categor\u00eda del b\u00e1squetbol argentino.<\/p>\n<p style=\"text-align: justify;\">En otro orden de cosas, se supo que Pablo\u00a0<em>Pepe<\/em>\u00a0Epeloa continuar\u00e1 siendo el primer asistente de Eduardo\u00a0<em>Chiche<\/em>\u00a0J\u00e1pez.<\/p>\n","protected":false},"excerpt":{"rendered":"<p>El Club Estudiantes Concordia contin\u00faa d\u00e1ndole forma al plantel profesional, con el cual afrontar\u00e1 el Super 20 y La Liga Nacional de B\u00e1squetbol 2019\/20. En las \u00faltimas horas, desde la dirigencia de la instituci\u00f3n se confirm\u00f3 la llegada de un jugador brasilero que se transforma as\u00ed en el primer extranjero que tendr\u00e1 a su cargo [&hellip;]<\/p>\n","protected":false},"author":5,"featured_media":8702,"comment_status":"closed","ping_status":"open","sticky":false,"template":"","format":"standard","meta":[],"categories":[12],"tags":[502,25,23],"_links":{"self":[{"href":"https:\/\/entreriosbasquet.com\/site\/wp-json\/wp\/v2\/posts\/8701"}],"collection":[{"href":"https:\/\/entreriosbasquet.com\/site\/wp-json\/wp\/v2\/posts"}],"about":[{"href":"https:\/\/entreriosbasquet.com\/site\/wp-json\/wp\/v2\/types\/post"}],"author":[{"embeddable":true,"href":"https:\/\/entreriosbasquet.com\/site\/wp-json\/wp\/v2\/users\/5"}],"replies":[{"embeddable":true,"href":"https:\/\/entreriosbasquet.com\/site\/wp-json\/wp\/v2\/comments?post=8701"}],"version-history":[{"count":1,"href":"https:\/\/entreriosbasquet.com\/site\/wp-json\/wp\/v2\/posts\/8701\/revisions"}],"predecessor-version":[{"id":8703,"href":"https:\/\/entreriosbasquet.com\/site\/wp-json\/wp\/v2\/posts\/8701\/revisions\/8703"}],"wp:featuredmedia":[{"embeddable":true,"href":"https:\/\/entreriosbasquet.com\/site\/wp-json\/wp\/v2\/media\/8702"}],"wp:attachment":[{"href":"https:\/\/entreriosbasquet.com\/site\/wp-json\/wp\/v2\/media?parent=8701"}],"wp:term":[{"taxonomy":"category","embeddable":true,"href":"https:\/\/entreriosbasquet.com\/site\/wp-json\/wp\/v2\/categories?post=8701"},{"taxonomy":"post_tag","embeddable":true,"href":"https:\/\/entreriosbasquet.com\/site\/wp-json\/wp\/v2\/tags?post=8701"}],"curies":[{"name":"wp","href":"https:\/\/api.w.org\/{rel}","templated":true}]}}