{"id":8697,"date":"2019-07-23T13:40:03","date_gmt":"2019-07-23T16:40:03","guid":{"rendered":"http:\/\/entreriosbasquet.com\/site\/?p=8697"},"modified":"2019-07-23T13:40:15","modified_gmt":"2019-07-23T16:40:15","slug":"capuchinos-jugara-el-torneo-federal","status":"publish","type":"post","link":"https:\/\/entreriosbasquet.com\/site\/2019\/07\/23\/capuchinos-jugara-el-torneo-federal\/","title":{"rendered":"Capuchinos jugar\u00e1 el Torneo Federal 2019\/2020"},"content":{"rendered":"<p style=\"text-align: justify;\">El Centro Ex Alumnos Capuchinos de Concordia ser\u00e1 parte de la edici\u00f3n 2019\/2020 del Torneo Federal de B\u00e1squet y jugar\u00e1 su quinta temporada consecutiva en la tercera categor\u00eda del b\u00e1squet nacional.<\/p>\n<p style=\"text-align: justify;\">Debido al ascenso de los comprovincianos de Central Entrerriano de Gualeguaych\u00fa, la Confederaci\u00f3n Argentina (CABB) confirm\u00f3 la suspensi\u00f3n del descenso de Capuchinos al tratarse de la misma divisional; por consiguiente el \u201cNegro\u201d seguir\u00e1 en el TFB.<\/p>\n<p style=\"text-align: justify;\">Despu\u00e9s de una larga deliberaci\u00f3n, los dirigentes de la entidad de la Capital Nacional de Citrus decidieron afrontar esta nueva aventura pese a estar construyendo a paso firme el nuevo estadio y afrontar mes a mes un costoso alquiler de las instalaciones para la pr\u00e1ctica de las diferentes disciplinas con las que cuenta en la actualidad.<\/p>\n","protected":false},"excerpt":{"rendered":"<p>El Centro Ex Alumnos Capuchinos de Concordia ser\u00e1 parte de la edici\u00f3n 2019\/2020 del Torneo Federal de B\u00e1squet y jugar\u00e1 su quinta temporada consecutiva en la tercera categor\u00eda del b\u00e1squet nacional. Debido al ascenso de los comprovincianos de Central Entrerriano de Gualeguaych\u00fa, la Confederaci\u00f3n Argentina (CABB) confirm\u00f3 la suspensi\u00f3n del descenso de Capuchinos al tratarse [&hellip;]<\/p>\n","protected":false},"author":5,"featured_media":8698,"comment_status":"closed","ping_status":"open","sticky":false,"template":"","format":"standard","meta":[],"categories":[16],"tags":[],"_links":{"self":[{"href":"https:\/\/entreriosbasquet.com\/site\/wp-json\/wp\/v2\/posts\/8697"}],"collection":[{"href":"https:\/\/entreriosbasquet.com\/site\/wp-json\/wp\/v2\/posts"}],"about":[{"href":"https:\/\/entreriosbasquet.com\/site\/wp-json\/wp\/v2\/types\/post"}],"author":[{"embeddable":true,"href":"https:\/\/entreriosbasquet.com\/site\/wp-json\/wp\/v2\/users\/5"}],"replies":[{"embeddable":true,"href":"https:\/\/entreriosbasquet.com\/site\/wp-json\/wp\/v2\/comments?post=8697"}],"version-history":[{"count":2,"href":"https:\/\/entreriosbasquet.com\/site\/wp-json\/wp\/v2\/posts\/8697\/revisions"}],"predecessor-version":[{"id":8700,"href":"https:\/\/entreriosbasquet.com\/site\/wp-json\/wp\/v2\/posts\/8697\/revisions\/8700"}],"wp:featuredmedia":[{"embeddable":true,"href":"https:\/\/entreriosbasquet.com\/site\/wp-json\/wp\/v2\/media\/8698"}],"wp:attachment":[{"href":"https:\/\/entreriosbasquet.com\/site\/wp-json\/wp\/v2\/media?parent=8697"}],"wp:term":[{"taxonomy":"category","embeddable":true,"href":"https:\/\/entreriosbasquet.com\/site\/wp-json\/wp\/v2\/categories?post=8697"},{"taxonomy":"post_tag","embeddable":true,"href":"https:\/\/entreriosbasquet.com\/site\/wp-json\/wp\/v2\/tags?post=8697"}],"curies":[{"name":"wp","href":"https:\/\/api.w.org\/{rel}","templated":true}]}}