{"id":8685,"date":"2019-07-22T22:00:34","date_gmt":"2019-07-23T01:00:34","guid":{"rendered":"http:\/\/entreriosbasquet.com\/site\/?p=8685"},"modified":"2019-07-22T22:00:34","modified_gmt":"2019-07-23T01:00:34","slug":"matias-solanas-jugara-el-sudamericano-u21","status":"publish","type":"post","link":"https:\/\/entreriosbasquet.com\/site\/2019\/07\/22\/matias-solanas-jugara-el-sudamericano-u21\/","title":{"rendered":"Mat\u00edas Solanas jugar\u00e1 el Sudamericano U21"},"content":{"rendered":"<p style=\"text-align: justify;\">Como se hab\u00eda anticipado hace meses, por segundo a\u00f1o consecutivo, el Sudamericano U21 ser\u00e1 parte del calendario de competencia oficial para nuestras Selecciones Formativas. Tras la medalla de plata obtenida en Salta, la Selecci\u00f3n Nacional U21 masculina ya tiene todo confirmado para disputar el certamen que se desarrollar\u00e1 del 12 al 17 de agosto en Tunja, Colombia. El plantel estar\u00e1 conducido por Diego Lifschitz y repite cinco jugadores con respecto al plantel del a\u00f1o pasado.<\/p>\n<p>Luego del sorteo, se determin\u00f3 que los chicos integrar\u00e1n el Grupo B junto a Chile, Venezuela y Colombia, y que el debut ser\u00e1 el lunes 12\/8 a las 19.15h, hora argentina, ante el combinado venezolano. El Grupo A, por su parte, estar\u00e1 compuesto por Brasil, Uruguay y Paraguay. Luego de una primera fase en formato todos contra todos, los dos mejores equipos de cada zona acceder\u00e1n a las semifinales que se disputar\u00e1n el viernes 16\/8.<\/p>\n<p>Vale destacar, adem\u00e1s, que el certamen tambi\u00e9n comprende la disputa de un torneo de 3&#215;3 pautado para el d\u00eda libre del cuadro principal. El jueves 15\/8, el cuarteto argentino disputar\u00e1 seis partidos de etapa regular. De conseguir uno de los dos mejores registros, jugar\u00e1 el encuentro por el t\u00edtulo esa misma jornada.<\/p>\n<p><strong>PLANTEL<\/strong><br \/>\n<em>Bases:<\/em><br \/>\nFacundo Corval\u00e1n &#8211; Weber Bah\u00eda<br \/>\nFranco Baralle &#8211; Atenas de C\u00f3rdoba<br \/>\nEzequiel Paz &#8211; Weber Bah\u00eda<\/p>\n<p><em>Escoltas:<\/em><br \/>\nMateo Chiarini &#8211; Atenas de C\u00f3rdoba<br \/>\nMat\u00edas Solanas &#8211; San Mart\u00edn de Corrientes<\/p>\n<p><em>Aleros:<\/em><br \/>\nLeonardo Lema &#8211; Atenas de C\u00f3rdoba<br \/>\nAgust\u00edn Barreiro &#8211; Boca Jrs.<\/p>\n<p><em>Ala-Pivotes:<\/em><br \/>\nMaximiliano Andreatta &#8211; Harcum College de Philadelphia<br \/>\nFrancisco Barbotti &#8211; Obras Sanitarias<br \/>\nTom\u00e1s Chapero &#8211; Weber Bah\u00eda<\/p>\n<p><em>Pivotes:<\/em><br \/>\nNicol\u00e1s Franco &#8211; Pe\u00f1arol de Mar del Plata<br \/>\nSantiago Bruera &#8211; Instituto de C\u00f3rdoba<\/p>\n<p><strong>FIXTURE<\/strong><br \/>\n<em>Lunes 12\/8<\/em><br \/>\n19.15hs &#8211; Argentina vs Venezuela<br \/>\n<em>Martes 13\/8<\/em><br \/>\n17.15hs &#8211; Argentina vs Chile<br \/>\n<em>Mi\u00e9rcoles 14\/8<\/em><br \/>\n21.15hs &#8211; Colombia vs Argentina<\/p>\n<p><em>Jueves 15\/8 &#8211; Torneo de 3&#215;3<\/em><br \/>\n17.00hs &#8211; Brasil vs Argentina<br \/>\n17.40hs &#8211; Argentina vs Chile<br \/>\n18.00hs &#8211; Venezuela vs Argentina<br \/>\n19.00hs &#8211; Argentina vs Colombia<br \/>\n19.20hs &#8211; Uruguay vs Argentina<br \/>\n18.00hs &#8211; Argentina vs Paraguay<\/p>\n","protected":false},"excerpt":{"rendered":"<p>Como se hab\u00eda anticipado hace meses, por segundo a\u00f1o consecutivo, el Sudamericano U21 ser\u00e1 parte del calendario de competencia oficial para nuestras Selecciones Formativas. Tras la medalla de plata obtenida en Salta, la Selecci\u00f3n Nacional U21 masculina ya tiene todo confirmado para disputar el certamen que se desarrollar\u00e1 del 12 al 17 de agosto en [&hellip;]<\/p>\n","protected":false},"author":5,"featured_media":8686,"comment_status":"closed","ping_status":"open","sticky":false,"template":"","format":"standard","meta":[],"categories":[260],"tags":[388,99],"_links":{"self":[{"href":"https:\/\/entreriosbasquet.com\/site\/wp-json\/wp\/v2\/posts\/8685"}],"collection":[{"href":"https:\/\/entreriosbasquet.com\/site\/wp-json\/wp\/v2\/posts"}],"about":[{"href":"https:\/\/entreriosbasquet.com\/site\/wp-json\/wp\/v2\/types\/post"}],"author":[{"embeddable":true,"href":"https:\/\/entreriosbasquet.com\/site\/wp-json\/wp\/v2\/users\/5"}],"replies":[{"embeddable":true,"href":"https:\/\/entreriosbasquet.com\/site\/wp-json\/wp\/v2\/comments?post=8685"}],"version-history":[{"count":1,"href":"https:\/\/entreriosbasquet.com\/site\/wp-json\/wp\/v2\/posts\/8685\/revisions"}],"predecessor-version":[{"id":8687,"href":"https:\/\/entreriosbasquet.com\/site\/wp-json\/wp\/v2\/posts\/8685\/revisions\/8687"}],"wp:featuredmedia":[{"embeddable":true,"href":"https:\/\/entreriosbasquet.com\/site\/wp-json\/wp\/v2\/media\/8686"}],"wp:attachment":[{"href":"https:\/\/entreriosbasquet.com\/site\/wp-json\/wp\/v2\/media?parent=8685"}],"wp:term":[{"taxonomy":"category","embeddable":true,"href":"https:\/\/entreriosbasquet.com\/site\/wp-json\/wp\/v2\/categories?post=8685"},{"taxonomy":"post_tag","embeddable":true,"href":"https:\/\/entreriosbasquet.com\/site\/wp-json\/wp\/v2\/tags?post=8685"}],"curies":[{"name":"wp","href":"https:\/\/api.w.org\/{rel}","templated":true}]}}