{"id":867,"date":"2017-06-14T00:01:41","date_gmt":"2017-06-14T03:01:41","guid":{"rendered":"http:\/\/entreriosbasquet.com\/site\/?p=867"},"modified":"2017-06-14T00:58:20","modified_gmt":"2017-06-14T03:58:20","slug":"estoy-muy-contento-y-satisfecho-porque-hemos-dejado-todo","status":"publish","type":"post","link":"https:\/\/entreriosbasquet.com\/site\/2017\/06\/14\/estoy-muy-contento-y-satisfecho-porque-hemos-dejado-todo\/","title":{"rendered":"\u201cEstoy muy contento y satisfecho. Hemos dejado todo\u00bb"},"content":{"rendered":"<p style=\"text-align: justify;\">El capit\u00e1n de Neptunia de Gualeguaych\u00fa,\u00a0Juan de Dios Cansina, habl\u00f3 con Radio M\u00e1xima al t\u00e9rmino del quinto y definitivo punto de la final de Liga a Provincial de Mayores disputado en el estadio Luis Butta y dej\u00f3 sus sensaciones tras la ca\u00edda a manos de Olimpia de Paran\u00e1.<\/p>\n<p style=\"text-align: justify;\">\u00abLa verdad que uno a veces tiene muchas expectativas o deseos, pero esto es un partido de b\u00e1squet. Cuando ten\u00e9s las chances y las oportunidades hay que aprovecharlas; me pas\u00f3 una vez, me volvi\u00f3 a pasar otra vez pero estoy contento y satisfecho porque hemos dejado todo. Se los dije como capit\u00e1n a mis compa\u00f1eros\u00bb, expres\u00f3 el p\u00edvot.<\/p>\n<p style=\"text-align: justify;\">El interno, que fuera elegido en el Quinteto Ideal de la competencia, resalt\u00f3 el esfuerzo del plantel durante los siete meses (incluida la preparaci\u00f3n) del certamen: \u00abSe trabaj\u00f3 much\u00edsimo y eso es un m\u00e9rito importante del grupo porque hemos hecho triple turno, nunca nadie hizo caras y siempre trabajando como corresponde\u00bb.<\/p>\n<p style=\"text-align: justify;\">\u00abNos hemos respetado todos como profesionales y fuimos en el mismo camino, m\u00e1s all\u00e1 de no haber podido coronar tantas horas de trabajo\u00bb, cerr\u00f3 el oriundo de Bah\u00eda Blanca.<\/p>\n","protected":false},"excerpt":{"rendered":"<p>El capit\u00e1n de Neptunia de Gualeguaych\u00fa,\u00a0Juan de Dios Cansina, habl\u00f3 con Radio M\u00e1xima al t\u00e9rmino del quinto y definitivo punto de la final de Liga a Provincial de Mayores disputado en el estadio Luis Butta y dej\u00f3 sus sensaciones tras la ca\u00edda a manos de Olimpia de Paran\u00e1. \u00abLa verdad que uno a veces tiene [&hellip;]<\/p>\n","protected":false},"author":5,"featured_media":868,"comment_status":"closed","ping_status":"open","sticky":false,"template":"","format":"standard","meta":[],"categories":[17],"tags":[37,47],"_links":{"self":[{"href":"https:\/\/entreriosbasquet.com\/site\/wp-json\/wp\/v2\/posts\/867"}],"collection":[{"href":"https:\/\/entreriosbasquet.com\/site\/wp-json\/wp\/v2\/posts"}],"about":[{"href":"https:\/\/entreriosbasquet.com\/site\/wp-json\/wp\/v2\/types\/post"}],"author":[{"embeddable":true,"href":"https:\/\/entreriosbasquet.com\/site\/wp-json\/wp\/v2\/users\/5"}],"replies":[{"embeddable":true,"href":"https:\/\/entreriosbasquet.com\/site\/wp-json\/wp\/v2\/comments?post=867"}],"version-history":[{"count":2,"href":"https:\/\/entreriosbasquet.com\/site\/wp-json\/wp\/v2\/posts\/867\/revisions"}],"predecessor-version":[{"id":870,"href":"https:\/\/entreriosbasquet.com\/site\/wp-json\/wp\/v2\/posts\/867\/revisions\/870"}],"wp:featuredmedia":[{"embeddable":true,"href":"https:\/\/entreriosbasquet.com\/site\/wp-json\/wp\/v2\/media\/868"}],"wp:attachment":[{"href":"https:\/\/entreriosbasquet.com\/site\/wp-json\/wp\/v2\/media?parent=867"}],"wp:term":[{"taxonomy":"category","embeddable":true,"href":"https:\/\/entreriosbasquet.com\/site\/wp-json\/wp\/v2\/categories?post=867"},{"taxonomy":"post_tag","embeddable":true,"href":"https:\/\/entreriosbasquet.com\/site\/wp-json\/wp\/v2\/tags?post=867"}],"curies":[{"name":"wp","href":"https:\/\/api.w.org\/{rel}","templated":true}]}}