{"id":8619,"date":"2019-07-15T22:05:27","date_gmt":"2019-07-16T01:05:27","guid":{"rendered":"http:\/\/entreriosbasquet.com\/site\/?p=8619"},"modified":"2019-10-06T00:15:22","modified_gmt":"2019-10-06T03:15:22","slug":"martin-ghirardi-y-una-despedida-especial","status":"publish","type":"post","link":"https:\/\/entreriosbasquet.com\/site\/2019\/07\/15\/martin-ghirardi-y-una-despedida-especial\/","title":{"rendered":"Mart\u00edn Ghirardi y una despedida especial"},"content":{"rendered":"<p style=\"text-align: justify;\"><strong>Mart\u00edn Ghirardi<\/strong> vivi\u00f3 un fin de semana especial. Con el Seleccionado de su Asociaci\u00f3n, el villaguayense de 37 a\u00f1os se despidi\u00f3 a nivel provincial en el Campeonato Entrerriano de Mayores disputado en la ciudad de Concepci\u00f3n del Uruguay.<img decoding=\"async\" loading=\"lazy\" class=\"wp-image-8622 alignright\" src=\"http:\/\/entreriosbasquet.com\/site\/wp-content\/uploads\/2019\/07\/66505380_2309151542495475_8876213429501689856_n.jpg\" alt=\"\" width=\"417\" height=\"292\" \/><\/p>\n<p style=\"text-align: justify;\">\u201cPipa\u201d dej\u00f3 su huella en esta \u00faltima participaci\u00f3n siendo el l\u00edder de su equipo al promediar 20.5 puntos, 3.5 rebotes y 2.5 asistencias. Tras el \u00faltimo partido ante Santa Elena, el campe\u00f3n argentino en Misiones 2005 y Mendoza 2008 se llev\u00f3 la pelota a modo de homenaje y recibi\u00f3 el aplauso de todo el p\u00fablico presente en el estadio Juan Jos\u00e9 Garro.<\/p>\n<p style=\"text-align: justify;\">\u201cHicimos un gran torneo. Dejamos todo y no nos guardamos nada, eso es lo m\u00e1s importante\u201d, dijo Ghirardi a <em><strong>Entre R\u00edos B\u00e1squet<\/strong><\/em> respecto de la actuaci\u00f3n colectiva de Villaguay, que termin\u00f3 con r\u00e9cord de una victoria y dos ca\u00eddas.<\/p>\n<p style=\"text-align: justify;\">El surgido del Club Hurac\u00e1n habl\u00f3 de su retiro de la actividad, el constante apoyo de su familia lo largo de su carrera y c\u00f3mo seguir\u00e1 su relaci\u00f3n con el b\u00e1squetbol.<\/p>\n<p style=\"text-align: justify;\"><strong>LA PALABRA DE MART\u00cdN GHIRARDI<\/strong><\/p>\n<!--[if lt IE 9]><script>document.createElement('audio');<\/script><![endif]-->\n<audio class=\"wp-audio-shortcode\" id=\"audio-8619-1\" preload=\"none\" style=\"width: 100%;\" controls=\"controls\"><source type=\"audio\/mpeg\" src=\"http:\/\/entreriosbasquet.com\/site\/wp-content\/uploads\/2019\/07\/Pipa-ghi.mp3?_=1\" \/><a href=\"http:\/\/entreriosbasquet.com\/site\/wp-content\/uploads\/2019\/07\/Pipa-ghi.mp3\">http:\/\/entreriosbasquet.com\/site\/wp-content\/uploads\/2019\/07\/Pipa-ghi.mp3<\/a><\/audio>\n","protected":false},"excerpt":{"rendered":"<p>Mart\u00edn Ghirardi vivi\u00f3 un fin de semana especial. Con el Seleccionado de su Asociaci\u00f3n, el villaguayense de 37 a\u00f1os se despidi\u00f3 a nivel provincial en el Campeonato Entrerriano de Mayores disputado en la ciudad de Concepci\u00f3n del Uruguay. \u201cPipa\u201d dej\u00f3 su huella en esta \u00faltima participaci\u00f3n siendo el l\u00edder de su equipo al promediar 20.5 [&hellip;]<\/p>\n","protected":false},"author":5,"featured_media":8621,"comment_status":"closed","ping_status":"open","sticky":false,"template":"","format":"standard","meta":[],"categories":[20],"tags":[194,213],"_links":{"self":[{"href":"https:\/\/entreriosbasquet.com\/site\/wp-json\/wp\/v2\/posts\/8619"}],"collection":[{"href":"https:\/\/entreriosbasquet.com\/site\/wp-json\/wp\/v2\/posts"}],"about":[{"href":"https:\/\/entreriosbasquet.com\/site\/wp-json\/wp\/v2\/types\/post"}],"author":[{"embeddable":true,"href":"https:\/\/entreriosbasquet.com\/site\/wp-json\/wp\/v2\/users\/5"}],"replies":[{"embeddable":true,"href":"https:\/\/entreriosbasquet.com\/site\/wp-json\/wp\/v2\/comments?post=8619"}],"version-history":[{"count":3,"href":"https:\/\/entreriosbasquet.com\/site\/wp-json\/wp\/v2\/posts\/8619\/revisions"}],"predecessor-version":[{"id":8625,"href":"https:\/\/entreriosbasquet.com\/site\/wp-json\/wp\/v2\/posts\/8619\/revisions\/8625"}],"wp:featuredmedia":[{"embeddable":true,"href":"https:\/\/entreriosbasquet.com\/site\/wp-json\/wp\/v2\/media\/8621"}],"wp:attachment":[{"href":"https:\/\/entreriosbasquet.com\/site\/wp-json\/wp\/v2\/media?parent=8619"}],"wp:term":[{"taxonomy":"category","embeddable":true,"href":"https:\/\/entreriosbasquet.com\/site\/wp-json\/wp\/v2\/categories?post=8619"},{"taxonomy":"post_tag","embeddable":true,"href":"https:\/\/entreriosbasquet.com\/site\/wp-json\/wp\/v2\/tags?post=8619"}],"curies":[{"name":"wp","href":"https:\/\/api.w.org\/{rel}","templated":true}]}}