{"id":861,"date":"2017-06-14T00:06:46","date_gmt":"2017-06-14T03:06:46","guid":{"rendered":"http:\/\/entreriosbasquet.com\/site\/?p=861"},"modified":"2017-06-14T10:28:43","modified_gmt":"2017-06-14T13:28:43","slug":"wolf-y-suarez-rumbo-al-sudamericano-u17","status":"publish","type":"post","link":"https:\/\/entreriosbasquet.com\/site\/2017\/06\/14\/wolf-y-suarez-rumbo-al-sudamericano-u17\/","title":{"rendered":"Wolf y Su\u00e1rez, rumbo al Sudamericano U17"},"content":{"rendered":"<p style=\"text-align: justify;\">Con la presencia de la crespense Sof\u00eda Wolf (Talleres de Paran\u00e1) y la uruguayense Camila Su\u00e1rez (Rocamora de CdU), este martes se puso en marcha la \u00faltima reuni\u00f3n del Seleccionado Argentino U17 que del 28 de junio al 2 de julio afrontar\u00e1 en la ciudad boliviana de Sucre el Sudamericano, que otorgar\u00e1 tres lugares al FIBA Americas U18 del 2018.<\/p>\n<p style=\"text-align: justify;\">Las pr\u00e1cticas se prolongar\u00e1n hasta el venidero lunes 19, momento en el cual la delegaci\u00f3n argentina emprenda vuelo hacia el viejo continente, para hacer frente por tercera vez en su historia del Reze Basket International; un certamen que en esta ocasi\u00f3n celebrar\u00e1 su vig\u00e9simo novena edici\u00f3n.<\/p>\n<p style=\"text-align: justify;\">El mismo se desarrollar\u00e1 del 22 al 25 de junio, con la intervenci\u00f3n, adem\u00e1s de nuestro equipo, de otros siete. El formato de disputa para este a\u00f1o qued\u00f3 compuesto por una primera fase de dos zonas, y dependiendo la ubicaci\u00f3n all\u00ed, la disputa directa por el lugar definitivo en el clasificador, con los del segmento opuesto.<\/p>\n<p style=\"text-align: justify;\">Argentina estar\u00e1 en el grupo \u201cA\u201d, junto con Bielorrusia, Francia y Turqu\u00eda; yendo al \u201cB\u201d China, Croacia, Irlanda y Holanda.<\/p>\n<p style=\"text-align: justify;\">Una vez concluido el campeonato en suelo franc\u00e9s, nuestras chicas viajar\u00e1n directamente a Sucre. En el torneo subcontinental, donde tambi\u00e9n habr\u00e1 ocho conjuntos, iniciar\u00e1n siendo parte del grupo \u201cB\u201d, junto con Per\u00fa, Chile y Bolivia, la cual como anfitriona eligi\u00f3 ser parte de este grupo. Quedando en el \u201cA\u201d Venezuela, Ecuador, Uruguay y Colombia. Los dos primeros de cada segmento avanzar\u00e1n a semifinales.<\/p>\n","protected":false},"excerpt":{"rendered":"<p>Con la presencia de la crespense Sof\u00eda Wolf (Talleres de Paran\u00e1) y la uruguayense Camila Su\u00e1rez (Rocamora de CdU), este martes se puso en marcha la \u00faltima reuni\u00f3n del Seleccionado Argentino U17 que del 28 de junio al 2 de julio afrontar\u00e1 en la ciudad boliviana de Sucre el Sudamericano, que otorgar\u00e1 tres lugares al [&hellip;]<\/p>\n","protected":false},"author":5,"featured_media":872,"comment_status":"closed","ping_status":"open","sticky":false,"template":"","format":"standard","meta":[],"categories":[21],"tags":[73,67,72],"_links":{"self":[{"href":"https:\/\/entreriosbasquet.com\/site\/wp-json\/wp\/v2\/posts\/861"}],"collection":[{"href":"https:\/\/entreriosbasquet.com\/site\/wp-json\/wp\/v2\/posts"}],"about":[{"href":"https:\/\/entreriosbasquet.com\/site\/wp-json\/wp\/v2\/types\/post"}],"author":[{"embeddable":true,"href":"https:\/\/entreriosbasquet.com\/site\/wp-json\/wp\/v2\/users\/5"}],"replies":[{"embeddable":true,"href":"https:\/\/entreriosbasquet.com\/site\/wp-json\/wp\/v2\/comments?post=861"}],"version-history":[{"count":1,"href":"https:\/\/entreriosbasquet.com\/site\/wp-json\/wp\/v2\/posts\/861\/revisions"}],"predecessor-version":[{"id":863,"href":"https:\/\/entreriosbasquet.com\/site\/wp-json\/wp\/v2\/posts\/861\/revisions\/863"}],"wp:featuredmedia":[{"embeddable":true,"href":"https:\/\/entreriosbasquet.com\/site\/wp-json\/wp\/v2\/media\/872"}],"wp:attachment":[{"href":"https:\/\/entreriosbasquet.com\/site\/wp-json\/wp\/v2\/media?parent=861"}],"wp:term":[{"taxonomy":"category","embeddable":true,"href":"https:\/\/entreriosbasquet.com\/site\/wp-json\/wp\/v2\/categories?post=861"},{"taxonomy":"post_tag","embeddable":true,"href":"https:\/\/entreriosbasquet.com\/site\/wp-json\/wp\/v2\/tags?post=861"}],"curies":[{"name":"wp","href":"https:\/\/api.w.org\/{rel}","templated":true}]}}