{"id":6415,"date":"2018-11-08T10:16:39","date_gmt":"2018-11-08T13:16:39","guid":{"rendered":"http:\/\/entreriosbasquet.com\/site\/?p=6415"},"modified":"2018-12-28T02:27:23","modified_gmt":"2018-12-28T05:27:23","slug":"ivan-catani-este-comienzo-no-me-sorprende","status":"publish","type":"post","link":"https:\/\/entreriosbasquet.com\/site\/2018\/11\/08\/ivan-catani-este-comienzo-no-me-sorprende\/","title":{"rendered":"Iv\u00e1n Catani: \u00abEste comienzo no me sorprende\u00bb"},"content":{"rendered":"<p style=\"text-align: justify;\">El Centro Ex Alumnos Capuchinos se qued\u00f3 con los dos partidos que disput\u00f3 este fin de semana, primero ante Atl\u00e9tico \u00a0Tala por 78-73 y luego ante Olimpia por 69-68. El negro, que tiene r\u00e9cord de 3-1 en la Divisi\u00f3n Mesopotamia del Torneo Federal y est\u00e1 como l\u00edder, este viernes va a enfrentar a Central Entrerriano en Gualeguaych\u00fa desde las 21:30 horas. La palabra de Iv\u00e1n Catani, alero del \u00abNegro\u00bb.<\/p>\n<p style=\"text-align: justify;\">Iv\u00e1n manifest\u00f3 c\u00f3mo est\u00e1 el equipo con lo que le pas\u00f3 a Ger\u00f3nimo Volpato, c\u00f3mo tratan de sobrellevar las ausencias dentro del plantel y adem\u00e1s hizo un an\u00e1lisis de los partidos del fin de semana: \u00abLa verdad que el tema de Gero nos cay\u00f3 como un baldazo de agua fr\u00eda porque no lo esper\u00e1bamos. Es una l\u00e1stima por \u00e9l\u00a0 y lo de Ariel es algo que ya sabemos y estamos esperando su vuelta. Nosotros tratamos de ponerle todas las ganas posibles, ya que sab\u00edamos que se ven\u00eda el juego en Paran\u00e1. Con Atl\u00e9tico fue peleado todo el encuentro al igual que con Olimpia. En Paran\u00e1 pudimos controlar al &#8216;Memo&#8217; Rodr\u00edguez, que es un gran jugador y que apareci\u00f3 sobre el final con los dos libres, cosa que nos complic\u00f3. Con Olimpia no pudimos aprovechar esa diferencia de cinco puntos que sacamos, es m\u00e1s, creo que hicimos todo lo posible para perderlo, pero gracias a dios y a Carlos lo pudimos ganar\u00bb.<\/p>\n<p style=\"text-align: justify;\">El bahiense, en relaci\u00f3n a que le aporta \u00e9l al equipo, dijo que: \u00abMe gusta, cuando en lo personal no sale un tiro a pie firme o una penetraci\u00f3n, aportarle al equipo otras cosas. El otro d\u00eda me toc\u00f3 marcar al &#8216;Memo&#8217; Rodr\u00edguez en Paran\u00e1 y a Sayal contra Atl\u00e9tico, tratando de ponerle todas las ganas y de hacer lo mejor posible. Son dos jugadores totalmente distintos, con Sayal trataba de que no me reciba dentro de la pintura, ya que es evidente, por su altura, que tiene mucha facilidad para llegar al aro, mientras que con el &#8216;Memo&#8217;, sabiendo que tiene buen manejo, un talento impresionante y una mano b\u00e1rbara, se sab\u00eda que hab\u00eda que anularlo a \u00e9l y creo que por momentos se logr\u00f3\u00bb.<\/p>\n<p style=\"text-align: justify;\">Al ser consultado sobre este arranque de Capuchinos en la 18\/19, Catani respondi\u00f3 que \u00abyo soy muy positivo y por eso este comienzo no me sorprende para nada, ya que a pesar de las ausencias entrenamos como nadie, siempre tratando de ir para adelante, con muchas ganas. El otro d\u00eda jugamos en Paran\u00e1 y ven\u00edamos cansados del partido con Atl\u00e9tico, que fue muy duro, pero siempre con la misma ilusi\u00f3n sabiendo que no hay nada m\u00e1s lindo que ganar en la ruta\u00bb.<\/p>\n<p style=\"text-align: justify;\">El alero, que finaliz\u00f3 con 11 puntos en la victoria frente a Olimpia, analiz\u00f3 el partido que se le viene a Capuchinos, que ser\u00e1 frente al \u00fanico invicto que tiene esta zona, Central Entrerriano: \u00abCentral es el equipo m\u00e1s dif\u00edcil por sus individualidades pero siempre nosotros tenemos que estar con ese sentido de pertenencia que tenemos y esas ganas. Vamos a salir a jugarle de igual a igual y a tratar de ganarlo como lo hicimos con Olimpia. Nuestra idea pasar por generar una identidad de lucha, de tirar todos para el mismo lado, de mucho esfuerzo, ya que por ah\u00ed nosotros tenemos que entrenar m\u00e1s que el resto de los equipos del federal, nos hemos bancado una pretemporada muy dura y a pesar de las ausencias hemos podido sacar adelante al equipo\u00bb.<\/p>\n<p style=\"text-align: justify;\">Para finalizar, el jugador, cuyo pase pertenece a Estudiantes de nuestra ciudad, describi\u00f3 c\u00f3mo se siente en Concordia: \u00abConcordia me trata muy bien. Me gusta Concordia\u00a0 y cuando me enter\u00e9 que Estudiantes me ced\u00eda a Capuchinos me puso contento. Al principio me sorprendi\u00f3 esa cesi\u00f3n, pero yo estoy muy contento en esta ciudad, que me gusta mucho\u00bb.<\/p>\n","protected":false},"excerpt":{"rendered":"<p>El Centro Ex Alumnos Capuchinos se qued\u00f3 con los dos partidos que disput\u00f3 este fin de semana, primero ante Atl\u00e9tico \u00a0Tala por 78-73 y luego ante Olimpia por 69-68. El negro, que tiene r\u00e9cord de 3-1 en la Divisi\u00f3n Mesopotamia del Torneo Federal y est\u00e1 como l\u00edder, este viernes va a enfrentar a Central Entrerriano [&hellip;]<\/p>\n","protected":false},"author":1,"featured_media":6417,"comment_status":"closed","ping_status":"open","sticky":false,"template":"","format":"standard","meta":[],"categories":[16],"tags":[191,453],"_links":{"self":[{"href":"https:\/\/entreriosbasquet.com\/site\/wp-json\/wp\/v2\/posts\/6415"}],"collection":[{"href":"https:\/\/entreriosbasquet.com\/site\/wp-json\/wp\/v2\/posts"}],"about":[{"href":"https:\/\/entreriosbasquet.com\/site\/wp-json\/wp\/v2\/types\/post"}],"author":[{"embeddable":true,"href":"https:\/\/entreriosbasquet.com\/site\/wp-json\/wp\/v2\/users\/1"}],"replies":[{"embeddable":true,"href":"https:\/\/entreriosbasquet.com\/site\/wp-json\/wp\/v2\/comments?post=6415"}],"version-history":[{"count":1,"href":"https:\/\/entreriosbasquet.com\/site\/wp-json\/wp\/v2\/posts\/6415\/revisions"}],"predecessor-version":[{"id":6418,"href":"https:\/\/entreriosbasquet.com\/site\/wp-json\/wp\/v2\/posts\/6415\/revisions\/6418"}],"wp:featuredmedia":[{"embeddable":true,"href":"https:\/\/entreriosbasquet.com\/site\/wp-json\/wp\/v2\/media\/6417"}],"wp:attachment":[{"href":"https:\/\/entreriosbasquet.com\/site\/wp-json\/wp\/v2\/media?parent=6415"}],"wp:term":[{"taxonomy":"category","embeddable":true,"href":"https:\/\/entreriosbasquet.com\/site\/wp-json\/wp\/v2\/categories?post=6415"},{"taxonomy":"post_tag","embeddable":true,"href":"https:\/\/entreriosbasquet.com\/site\/wp-json\/wp\/v2\/tags?post=6415"}],"curies":[{"name":"wp","href":"https:\/\/api.w.org\/{rel}","templated":true}]}}