{"id":5629,"date":"2018-08-03T22:30:18","date_gmt":"2018-08-04T01:30:18","guid":{"rendered":"http:\/\/entreriosbasquet.com\/site\/?p=5629"},"modified":"2018-08-03T22:30:18","modified_gmt":"2018-08-04T01:30:18","slug":"reunion-de-los-equipos-entrerrianos-rumbo-al-federal","status":"publish","type":"post","link":"https:\/\/entreriosbasquet.com\/site\/2018\/08\/03\/reunion-de-los-equipos-entrerrianos-rumbo-al-federal\/","title":{"rendered":"Reuni\u00f3n de los equipos entrerrianos rumbo al Federal"},"content":{"rendered":"<p style=\"text-align: justify;\">La \u00abSala de Presidentes\u00bb de la sede social de Atl\u00e9tico Tala fue el sitio donde los dirigentes de los clubes entrerrianos que militan en el Federal se reunieron el pasado viernes para debatir sobre cuestiones ligadas a la\u00a0competencia que son de inter\u00e9s com\u00fan para todas las instituciones.<\/p>\n<p style=\"text-align: justify;\">Los referentes del recientemente ascendido Social y Deportivo San Jos\u00e9, B.H. de Gualeguay, Central Entrerriano de Gualeguaych\u00fa, Regatas Uruguay, Olimpia de Paran\u00e1, Ferro de Concordia, Centro S. Pe\u00f1arol y el anfitri\u00f3n Atl\u00e9tico Tala le dieron vida al debate que se prolong\u00f3 por varias horas y que permiti\u00f3 que se arribaran a conclusiones que ser\u00e1n<br \/>\npresentadas por los delegados en la reuni\u00f3n inicial de la C.A.B.B. previa al inicio de la Temporada 2018\/19.<\/p>\n<p style=\"text-align: justify;\">Algunos de los puntos en los que coinciden los clubes de Entre R\u00edos: iniciar el torneo a mediados de octubre; conformar una zona \u00fanica integrada por todos los equipos de la provincia; disputar una fase regular de 30 fechas; acortar el receso, que no se extienda m\u00e1s all\u00e1\u00a0del segundo fin de semana de enero; establecer un sistema de descenso de<br \/>\nun equipo de la provincia; mantener la conformaci\u00f3n de los planteles de\u00a0igual modo que en la anterior temporada.<\/p>\n<p style=\"text-align: justify;\">Todos los dirigentes presentes destacaron la importancia de la reuni\u00f3n\u00a0en la que tambi\u00e9n se abordaron temas inherentes a la actualidad del\u00a0b\u00e1squet provincial, el rol de los clubes, la relaci\u00f3n con las\u00a0entidades madres y con la Secretar\u00eda de Deportes de la provincia, entre<br \/>\notros.<\/p>\n<p style=\"text-align: justify;\">Hubo coincidencia en resaltar y valorar el aporte fundamental\u00a0del gobierno de la provincia a los clubes de la categor\u00eda, sin el cual\u00a0la competencia a nivel nacional se tornar\u00eda en la mayor\u00eda de los casos\u00a0sumamente complicada.<\/p>\n<p style=\"text-align: justify;\">Se conforma en definitiva un interesante espacio interno en el amplio\u00a0contexto del b\u00e1squet de la provincia, integrado por clubes con historia\u00a0que hoy representan a Entre R\u00edos en el principal torneo nacional de\u00a0clubes bajo la \u00f3rbita de la C.A.B.B.<\/p>\n","protected":false},"excerpt":{"rendered":"<p>La \u00abSala de Presidentes\u00bb de la sede social de Atl\u00e9tico Tala fue el sitio donde los dirigentes de los clubes entrerrianos que militan en el Federal se reunieron el pasado viernes para debatir sobre cuestiones ligadas a la\u00a0competencia que son de inter\u00e9s com\u00fan para todas las instituciones. Los referentes del recientemente ascendido Social y Deportivo [&hellip;]<\/p>\n","protected":false},"author":5,"featured_media":5630,"comment_status":"closed","ping_status":"open","sticky":false,"template":"","format":"standard","meta":[],"categories":[16],"tags":[169,29],"_links":{"self":[{"href":"https:\/\/entreriosbasquet.com\/site\/wp-json\/wp\/v2\/posts\/5629"}],"collection":[{"href":"https:\/\/entreriosbasquet.com\/site\/wp-json\/wp\/v2\/posts"}],"about":[{"href":"https:\/\/entreriosbasquet.com\/site\/wp-json\/wp\/v2\/types\/post"}],"author":[{"embeddable":true,"href":"https:\/\/entreriosbasquet.com\/site\/wp-json\/wp\/v2\/users\/5"}],"replies":[{"embeddable":true,"href":"https:\/\/entreriosbasquet.com\/site\/wp-json\/wp\/v2\/comments?post=5629"}],"version-history":[{"count":1,"href":"https:\/\/entreriosbasquet.com\/site\/wp-json\/wp\/v2\/posts\/5629\/revisions"}],"predecessor-version":[{"id":5631,"href":"https:\/\/entreriosbasquet.com\/site\/wp-json\/wp\/v2\/posts\/5629\/revisions\/5631"}],"wp:featuredmedia":[{"embeddable":true,"href":"https:\/\/entreriosbasquet.com\/site\/wp-json\/wp\/v2\/media\/5630"}],"wp:attachment":[{"href":"https:\/\/entreriosbasquet.com\/site\/wp-json\/wp\/v2\/media?parent=5629"}],"wp:term":[{"taxonomy":"category","embeddable":true,"href":"https:\/\/entreriosbasquet.com\/site\/wp-json\/wp\/v2\/categories?post=5629"},{"taxonomy":"post_tag","embeddable":true,"href":"https:\/\/entreriosbasquet.com\/site\/wp-json\/wp\/v2\/tags?post=5629"}],"curies":[{"name":"wp","href":"https:\/\/api.w.org\/{rel}","templated":true}]}}