{"id":5626,"date":"2018-08-03T20:10:49","date_gmt":"2018-08-03T23:10:49","guid":{"rendered":"http:\/\/entreriosbasquet.com\/site\/?p=5626"},"modified":"2018-08-03T20:10:49","modified_gmt":"2018-08-03T23:10:49","slug":"equipo-confirmado-para-el-argentino-u19","status":"publish","type":"post","link":"https:\/\/entreriosbasquet.com\/site\/2018\/08\/03\/equipo-confirmado-para-el-argentino-u19\/","title":{"rendered":"Equipo confirmado para el Argentino U19"},"content":{"rendered":"<p style=\"text-align: justify;\">El cuerpo t\u00e9cnico del Seleccionado Masculino de Entre R\u00edos U19 confirm\u00f3 el plantel que representar\u00e1 a la provincia en el Campeonato Argentino de la categor\u00eda que se desarrollar\u00e1 del 7 al 12 de agosto en la localidad cordobesa de Embalse.<\/p>\n<p style=\"text-align: justify;\">Los 12 jugadores del equipo ser\u00e1n Tom\u00e1s Ardetti (Zaninetti, Concepci\u00f3n del Uruguay), Guido Cabrera (La Uni\u00f3n, Col\u00f3n), Mat\u00edas Caire (Luis Luciano, Urdinarrain); Justo Catal\u00edn (Rocamora, Concepci\u00f3n del Uruguay), Leandro Chorvat (Ciclista, Paran\u00e1), Alejo D\u00edaz (Atl\u00e9tico Ceres, Ceres), Mateo D\u00edaz (Racing, Gualeguaych\u00fa), Agust\u00edn Facello (Boca Juniors, CABA), Hans Feder Ponce (San Isidro, C\u00f3rdoba), Mariano Laurido (Atalaya, Rosario), Ger\u00f3nimo Rosso (Echag\u00fce, Paran\u00e1) y Facundo Schunk (Estudiantes, Paran\u00e1).<\/p>\n<p style=\"text-align: justify;\">Bajo la supervisi\u00f3n del cuerpo t\u00e9cnico conformado por Mario Rodr\u00edguez (entrenador), Francisco Garciarena, Luciano Correa (asistentes) y Nicol\u00e1s Machuca (preparador f\u00edsico), los chicos se encuentran entrenando en la ciudad de Chajar\u00ed en la \u00faltima concentraci\u00f3n previa al certamen nacional.<\/p>\n<p style=\"text-align: justify;\">En la jornada del mi\u00e9rcoles se realiz\u00f3 el sorteo de la Primera Fase y Entre R\u00edos qued\u00f3 encuadrado en el Grupo C con C\u00f3rdoba, San Juan y un equipo proveniente de la Zona NorPatagonia. En tanto, el Grupo A ser\u00e1 compuesto por Santa Fe, Mendoza, Misiones y Santiago del Estero, mientras que en el B jugar\u00e1n Buenos Aires, FEBAMBA, Chaco y Tucum\u00e1n.<\/p>\n<p style=\"text-align: justify;\">Una vez concluida dicha etapa (7, 8 y 9 de agosto) los equipos ubicados en la primera y segunda colocaci\u00f3n de cada zona junto con los dos mejores terceros entre todas las zonas disputar\u00e1n la Fase Campeonato (puestos 1 al 8) durante los d\u00edas 10, 11 y 12 de agosto. Mientras que, el restante equipo ubicado en la tercera posici\u00f3n m\u00e1s los ubicados en la cuarta posici\u00f3n de cada zona disputar\u00e1n la Fase Est\u00edmulo (puesto 9 al 12) durante los d\u00edas 10 y 11 de agosto.<\/p>\n<p style=\"text-align: justify;\">Cabe destacar que el a\u00f1o pasado el certamen tambi\u00e9n se desarroll\u00f3 en la misma localidad y el representativo entrerriano, dirigido por Mario Rodr\u00edguez, se subi\u00f3 al tercer lugar del podio. En la definici\u00f3n Santa Fe super\u00f3 a Buenos Aires por 77 a 72.<\/p>\n","protected":false},"excerpt":{"rendered":"<p>El cuerpo t\u00e9cnico del Seleccionado Masculino de Entre R\u00edos U19 confirm\u00f3 el plantel que representar\u00e1 a la provincia en el Campeonato Argentino de la categor\u00eda que se desarrollar\u00e1 del 7 al 12 de agosto en la localidad cordobesa de Embalse. Los 12 jugadores del equipo ser\u00e1n Tom\u00e1s Ardetti (Zaninetti, Concepci\u00f3n del Uruguay), Guido Cabrera (La [&hellip;]<\/p>\n","protected":false},"author":5,"featured_media":5627,"comment_status":"closed","ping_status":"open","sticky":false,"template":"","format":"standard","meta":[],"categories":[19],"tags":[],"_links":{"self":[{"href":"https:\/\/entreriosbasquet.com\/site\/wp-json\/wp\/v2\/posts\/5626"}],"collection":[{"href":"https:\/\/entreriosbasquet.com\/site\/wp-json\/wp\/v2\/posts"}],"about":[{"href":"https:\/\/entreriosbasquet.com\/site\/wp-json\/wp\/v2\/types\/post"}],"author":[{"embeddable":true,"href":"https:\/\/entreriosbasquet.com\/site\/wp-json\/wp\/v2\/users\/5"}],"replies":[{"embeddable":true,"href":"https:\/\/entreriosbasquet.com\/site\/wp-json\/wp\/v2\/comments?post=5626"}],"version-history":[{"count":1,"href":"https:\/\/entreriosbasquet.com\/site\/wp-json\/wp\/v2\/posts\/5626\/revisions"}],"predecessor-version":[{"id":5628,"href":"https:\/\/entreriosbasquet.com\/site\/wp-json\/wp\/v2\/posts\/5626\/revisions\/5628"}],"wp:featuredmedia":[{"embeddable":true,"href":"https:\/\/entreriosbasquet.com\/site\/wp-json\/wp\/v2\/media\/5627"}],"wp:attachment":[{"href":"https:\/\/entreriosbasquet.com\/site\/wp-json\/wp\/v2\/media?parent=5626"}],"wp:term":[{"taxonomy":"category","embeddable":true,"href":"https:\/\/entreriosbasquet.com\/site\/wp-json\/wp\/v2\/categories?post=5626"},{"taxonomy":"post_tag","embeddable":true,"href":"https:\/\/entreriosbasquet.com\/site\/wp-json\/wp\/v2\/tags?post=5626"}],"curies":[{"name":"wp","href":"https:\/\/api.w.org\/{rel}","templated":true}]}}