{"id":5623,"date":"2018-08-03T10:56:02","date_gmt":"2018-08-03T13:56:02","guid":{"rendered":"http:\/\/entreriosbasquet.com\/site\/?p=5623"},"modified":"2018-08-03T10:56:02","modified_gmt":"2018-08-03T13:56:02","slug":"entre-rios-ultima-detalles-para-el-argentino-u19","status":"publish","type":"post","link":"https:\/\/entreriosbasquet.com\/site\/2018\/08\/03\/entre-rios-ultima-detalles-para-el-argentino-u19\/","title":{"rendered":"Entre R\u00edos ultima detalles para el Argentino U19"},"content":{"rendered":"<p style=\"text-align: justify;\">El Preseleccionado Masculino de Entre R\u00edos U19 se encuentra trabajando en la ciudad de Chajar\u00ed rumbo a lo que ser\u00e1 su participaci\u00f3n en el Campeonato Argentino de la categor\u00eda que se desarrollar\u00e1 del 7 al 12 de agosto en la localidad cordobesa de Embalse.<\/p>\n<p style=\"text-align: justify;\">El cuerpo t\u00e9cnico conducido por Mario Rodr\u00edguez (entrenador) y Francisco Garciarena (asistente) entrena con 14 jugadores:\u00a0Tom\u00e1s Ardetti\u00a0(Zaninetti, Concepci\u00f3n del Uruguay),\u00a0Guido Cabrera\u00a0(La Uni\u00f3n, Col\u00f3n),\u00a0Mat\u00edas Caire\u00a0(Luis Luciano, Urdinarrain);\u00a0Justo Catal\u00edn\u00a0(Rocamora, Concepci\u00f3n del Uruguay),\u00a0Leandro Chorvat(Ciclista, Paran\u00e1),\u00a0Alejo D\u00edaz\u00a0(Atl\u00e9tico Ceres, Ceres),\u00a0Mateo D\u00edaz\u00a0(Racing, Gualeguaych\u00fa),\u00a0Agust\u00edn Facello(Boca Juniors, CABA),\u00a0Hans Feder Ponce\u00a0(San Isidro, C\u00f3rdoba),\u00a0Mariano Laurido\u00a0(Atalaya, Rosario),\u00a0Ger\u00f3nimo Rosso\u00a0(Echag\u00fce, Paran\u00e1),\u00a0Facundo Schunk\u00a0(Estudiantes, Paran\u00e1)\u00a0Bautista Tolomei\u00a0(ADEV, Villaguay) y\u00a0Lautaro Vilotta\u00a0(Estudiantes, Paran\u00e1).<\/p>\n<p style=\"text-align: justify;\">En la jornada del mi\u00e9rcoles se realiz\u00f3 el sorteo de la Primera Fase y Entre R\u00edos qued\u00f3 encuadrado en el Grupo C con C\u00f3rdoba, San Juan y un equipo proveniente de la Zona NorPatagonia. En tanto, el Grupo A ser\u00e1 compuesto por Santa Fe, Mendoza, Misiones y Santiago del Estero, mientras que en el B jugar\u00e1n Buenos Aires, FEBAMBA, Chaco y Tucum\u00e1n.<\/p>\n<p style=\"text-align: justify;\">Una vez concluida dicha etapa (7, 8 y 9 de agosto) los equipos ubicados en la primera y segunda colocaci\u00f3n de cada zona junto con los dos mejores terceros entre todas las zonas disputar\u00e1n la Fase Campeonato (puestos 1 al 8) durante los d\u00edas 10, 11 y 12 de agosto. Mientras que, el restante equipo ubicado en la tercera posici\u00f3n m\u00e1s los ubicados en la cuarta posici\u00f3n de cada zona disputar\u00e1n la Fase Est\u00edmulo (puesto 9 al 12) durante los d\u00edas 10 y 11 de agosto.<\/p>\n<p style=\"text-align: justify;\">Cabe destacar que el a\u00f1o pasado el certamen tambi\u00e9n se desarroll\u00f3 en la misma localidad y el representativo entrerriano, dirigido por Mario Rodr\u00edguez, se subi\u00f3 al tercer lugar del podio. En la definici\u00f3n Santa Fe super\u00f3 a Buenos Aires por 77 a 72.<\/p>\n","protected":false},"excerpt":{"rendered":"<p>El Preseleccionado Masculino de Entre R\u00edos U19 se encuentra trabajando en la ciudad de Chajar\u00ed rumbo a lo que ser\u00e1 su participaci\u00f3n en el Campeonato Argentino de la categor\u00eda que se desarrollar\u00e1 del 7 al 12 de agosto en la localidad cordobesa de Embalse. El cuerpo t\u00e9cnico conducido por Mario Rodr\u00edguez (entrenador) y Francisco Garciarena [&hellip;]<\/p>\n","protected":false},"author":5,"featured_media":5624,"comment_status":"closed","ping_status":"open","sticky":false,"template":"","format":"standard","meta":[],"categories":[22],"tags":[],"_links":{"self":[{"href":"https:\/\/entreriosbasquet.com\/site\/wp-json\/wp\/v2\/posts\/5623"}],"collection":[{"href":"https:\/\/entreriosbasquet.com\/site\/wp-json\/wp\/v2\/posts"}],"about":[{"href":"https:\/\/entreriosbasquet.com\/site\/wp-json\/wp\/v2\/types\/post"}],"author":[{"embeddable":true,"href":"https:\/\/entreriosbasquet.com\/site\/wp-json\/wp\/v2\/users\/5"}],"replies":[{"embeddable":true,"href":"https:\/\/entreriosbasquet.com\/site\/wp-json\/wp\/v2\/comments?post=5623"}],"version-history":[{"count":1,"href":"https:\/\/entreriosbasquet.com\/site\/wp-json\/wp\/v2\/posts\/5623\/revisions"}],"predecessor-version":[{"id":5625,"href":"https:\/\/entreriosbasquet.com\/site\/wp-json\/wp\/v2\/posts\/5623\/revisions\/5625"}],"wp:featuredmedia":[{"embeddable":true,"href":"https:\/\/entreriosbasquet.com\/site\/wp-json\/wp\/v2\/media\/5624"}],"wp:attachment":[{"href":"https:\/\/entreriosbasquet.com\/site\/wp-json\/wp\/v2\/media?parent=5623"}],"wp:term":[{"taxonomy":"category","embeddable":true,"href":"https:\/\/entreriosbasquet.com\/site\/wp-json\/wp\/v2\/categories?post=5623"},{"taxonomy":"post_tag","embeddable":true,"href":"https:\/\/entreriosbasquet.com\/site\/wp-json\/wp\/v2\/tags?post=5623"}],"curies":[{"name":"wp","href":"https:\/\/api.w.org\/{rel}","templated":true}]}}