{"id":5617,"date":"2018-08-02T20:11:16","date_gmt":"2018-08-02T23:11:16","guid":{"rendered":"http:\/\/entreriosbasquet.com\/site\/?p=5617"},"modified":"2018-08-02T20:11:16","modified_gmt":"2018-08-02T23:11:16","slug":"parque-sur-tiene-extranjero-demondre-harvey","status":"publish","type":"post","link":"https:\/\/entreriosbasquet.com\/site\/2018\/08\/02\/parque-sur-tiene-extranjero-demondre-harvey\/","title":{"rendered":"Parque Sur tiene extranjero: DeMondre Harvey"},"content":{"rendered":"<p style=\"text-align: justify;\">De cara a su participaci\u00f3n en la Liga Argentina de B\u00e1squet, Parque Sur de Concepci\u00f3n del Uruguay cerr\u00f3 en las \u00faltimas horas la incorporaci\u00f3n del jugador extranjero <strong>DeMondre J. Harvey<\/strong>, nacido en Minden -Estado de Luisiana-, Estados Unidos.<\/p>\n<p style=\"text-align: justify;\">El jugador de 25 a\u00f1os, que juega en las posiciones 4\/5 y de 2.03 metros, surgi\u00f3 de la Universidad de Louisiana jugando en la NCAA 1 para ULM Warhawks, en el colegio La-Monroe, luego de hacerlo en el Pearl River CC.<\/p>\n<p style=\"text-align: justify;\">DeMondre Harvey, que naci\u00f3 el 19 de febrero de 1993, llega de participar en la \u00faltima temporada en el Oulun NMKY, un equipo de la Primera Divisi\u00f3n de Finlandia; donde promedi\u00f3 15 puntos y 12 rebotes.<\/p>\n<p style=\"text-align: justify;\">El norteamericano estar\u00e1 arribando a nuestro pa\u00eds en los primeros d\u00edas de setiembre.<\/p>\n<p style=\"text-align: justify;\">Al mismo tiempo, la dirigencia se encuentra abocada a cerrar el fichaje de otro U23, para ir cerrando el plantel que jugar\u00e1 la pr\u00f3xima Liga Argentina de B\u00e1squetbol 2018-19.<\/p>\n","protected":false},"excerpt":{"rendered":"<p>De cara a su participaci\u00f3n en la Liga Argentina de B\u00e1squet, Parque Sur de Concepci\u00f3n del Uruguay cerr\u00f3 en las \u00faltimas horas la incorporaci\u00f3n del jugador extranjero DeMondre J. Harvey, nacido en Minden -Estado de Luisiana-, Estados Unidos. El jugador de 25 a\u00f1os, que juega en las posiciones 4\/5 y de 2.03 metros, surgi\u00f3 de [&hellip;]<\/p>\n","protected":false},"author":5,"featured_media":5618,"comment_status":"closed","ping_status":"open","sticky":false,"template":"","format":"standard","meta":[],"categories":[11],"tags":[427,197,32],"_links":{"self":[{"href":"https:\/\/entreriosbasquet.com\/site\/wp-json\/wp\/v2\/posts\/5617"}],"collection":[{"href":"https:\/\/entreriosbasquet.com\/site\/wp-json\/wp\/v2\/posts"}],"about":[{"href":"https:\/\/entreriosbasquet.com\/site\/wp-json\/wp\/v2\/types\/post"}],"author":[{"embeddable":true,"href":"https:\/\/entreriosbasquet.com\/site\/wp-json\/wp\/v2\/users\/5"}],"replies":[{"embeddable":true,"href":"https:\/\/entreriosbasquet.com\/site\/wp-json\/wp\/v2\/comments?post=5617"}],"version-history":[{"count":1,"href":"https:\/\/entreriosbasquet.com\/site\/wp-json\/wp\/v2\/posts\/5617\/revisions"}],"predecessor-version":[{"id":5619,"href":"https:\/\/entreriosbasquet.com\/site\/wp-json\/wp\/v2\/posts\/5617\/revisions\/5619"}],"wp:featuredmedia":[{"embeddable":true,"href":"https:\/\/entreriosbasquet.com\/site\/wp-json\/wp\/v2\/media\/5618"}],"wp:attachment":[{"href":"https:\/\/entreriosbasquet.com\/site\/wp-json\/wp\/v2\/media?parent=5617"}],"wp:term":[{"taxonomy":"category","embeddable":true,"href":"https:\/\/entreriosbasquet.com\/site\/wp-json\/wp\/v2\/categories?post=5617"},{"taxonomy":"post_tag","embeddable":true,"href":"https:\/\/entreriosbasquet.com\/site\/wp-json\/wp\/v2\/tags?post=5617"}],"curies":[{"name":"wp","href":"https:\/\/api.w.org\/{rel}","templated":true}]}}