{"id":5610,"date":"2018-08-02T12:35:37","date_gmt":"2018-08-02T15:35:37","guid":{"rendered":"http:\/\/entreriosbasquet.com\/site\/?p=5610"},"modified":"2018-08-02T12:35:37","modified_gmt":"2018-08-02T15:35:37","slug":"olimpia-se-completa-con-roman-rodriguez-y-nicolas-paciotti","status":"publish","type":"post","link":"https:\/\/entreriosbasquet.com\/site\/2018\/08\/02\/olimpia-se-completa-con-roman-rodriguez-y-nicolas-paciotti\/","title":{"rendered":"Olimpia se completa con Rom\u00e1n Rodr\u00edguez y Nicol\u00e1s Paciotti"},"content":{"rendered":"<p style=\"text-align: justify;\">Con las llegadas de Rom\u00e1n Rodr\u00edguez y Nicol\u00e1s Paciotti, el CAO complet\u00f3 las fichas de cara al venidero Torneo Federal de\u00a0B\u00e1squet, en el cual participar\u00e1 por segundo a\u00f1o consecutivo.<\/p>\n<p style=\"text-align: justify;\">El azulgrana se movi\u00f3 r\u00e1pido en este mercado de pases y defini\u00f3 los jugadores que ser\u00e1n parte de la plantilla para la pr\u00f3xima temporada. A las continuidades de Nicol\u00e1s Agasse, Alan Guanco, Le\u00f3n Alfonso y Baltazar Claude, m\u00e1s las confirmaciones de Pablo Pastori y Facundo Carulla, ahora se suman Rom\u00e1n \u201cMemo\u201d Rodr\u00edguez y Nicol\u00e1s Paciotti a las filas del azulgrana, experiencia y juventud, con conocimiento de la categor\u00eda.<\/p>\n<p style=\"text-align: justify;\">Rom\u00e1n \u201cMemo\u201d Rodr\u00edguez llega de dos temporadas muy buenas en Regatas de Concepci\u00f3n del Uruguay y, sin dudas, ser\u00e1 una pieza importante para el equipo. Sobre su decisi\u00f3n, el jugador manifest\u00f3 que \u201cla propuesta de que el plantel sea con muchos chicos de Paran\u00e1 es buena. Es un torneo que no es f\u00e1cil, pero con este equipo que se est\u00e1 armando podemos dar pelea a cualquiera. Eso fue lo que me sedujo a quedarme\u201d.<\/p>\n<p style=\"text-align: justify;\">Aunque tambi\u00e9n hubo otro factor clave: la familia. \u201cRealice mi vida ac\u00e1, tengo mi familia, mi casa, eso tambi\u00e9n ayud\u00f3 e hizo que el inter\u00e9s de ambos pueda convertirse en realidad, esto que es mi llegada a Olimpia\u201d.<\/p>\n<p style=\"text-align: justify;\">\u201cMe agarra con buenas expectativas, con buenas temporadas que vengo de tener, obviamente espero que sean parecidas y porque no mejorarlas. Espero que lo que se vaya armando se pueda ir trabajando siempre en el d\u00eda a d\u00eda y de la mejor manera para hacer un gran torneo con Olimpia\u201d dijo.<\/p>\n<p style=\"text-align: justify;\">\u201cYo no tengo dudas que es la m\u00e1s dura\u201d afirm\u00f3 Memo sobre la Divisi\u00f3n Mesopotamia. Prosigui\u00f3 diciendo que \u201cnos vamos a tener que preparar dur\u00edsimo porque todos los viernes es una prueba de fuego. Salir de visitante es dur\u00edsimo y todos los equipos que vienen a tu cancha te quieren ganar. El a\u00f1o pasado con Regatas nos toc\u00f3 estar primero pero en ning\u00fan momento del a\u00f1o fuimos primeros, es pelearla y ganar en canchas dif\u00edciles para llegar a lo m\u00e1s alto posible\u201d.<\/p>\n<p style=\"text-align: justify;\">Asimismo, Rodr\u00edguez sigue de cerca la conformaci\u00f3n de los restantes elencos que enfrentar\u00e1 el CAO. \u201cHay equipos muy completos que se fueron armando, uno m\u00e1s o menos va viendo y hay equipos que son muy duros, que tienen local\u00edas muy fuertes pero no queremos ser la excepci\u00f3n. Cuando se termine de conformar todo, veremos para que estamos pero te puedo asegurar que seremos aguerridos y que le vamos hacer frente a cualquiera\u201d.<\/p>\n<p style=\"text-align: justify;\">El alero, de 1,98 metros de altura y 32 a\u00f1os, oriundo de Pilar, Buenos Aires, se inici\u00f3 basquetbol\u00edsticamente en Sportivo de dicha ciudad. Luego pas\u00f3 por Boca Juniors del 2001 al 2003, para irse a dos universidades de Estados Unidos. Volvi\u00f3 despu\u00e9s de cuatro a\u00f1os para sumarse a Ober\u00e1 en la Liga B en 2008\/09 y en la misma temporada tuvo un breve paso por Col\u00f3n de Santa Fe.<\/p>\n<p style=\"text-align: justify;\">Su carrera sigui\u00f3 en Echag\u00fce donde jug\u00f3 Liga B y TNA desde el 2009 al 2012. De all\u00ed cruz\u00f3 el charco y se uni\u00f3 a Uni\u00f3n de Santa Fe por dos a\u00f1os, consiguiendo el ascenso del Federal al TNA. Hurac\u00e1n de Trelew fue su pr\u00f3ximo destino en 2014\/15 y Sanjustino en 2015\/2016. Los \u00faltimos a\u00f1os integr\u00f3 las filas de Regatas de Concepci\u00f3n del Uruguay, siendo protagonista en la tercera categor\u00eda del b\u00e1squet nacional.<\/p>\n<p style=\"text-align: justify;\">Por su parte, Nicol\u00e1s Paciotti (24 a\u00f1os, mide 1,77 y es nacido en Caseros, Buenos Aires) tendr\u00e1 su primera experiencia fuera de Buenos Aires. \u201cLo que me llevo a decidirme fue que quer\u00eda irme al interior para poder dedicarme al b\u00e1squet\u201d dijo.<\/p>\n<p style=\"text-align: justify;\">En cuanto a lo que le puede dar al equipo, Nicol\u00e1s sostuvo que \u201cmi fuerte es hacer correr al equipo, puedo anotar si se necesita y soy un jugador que intenta aportar desde el lugar que le toque\u201d. Ante el nuevo desaf\u00edo, el base expres\u00f3 que \u201cva a ser una linda experiencia, voy a intentar crecer como jugador y como persona, sin dudas voy a aprovecharlo al m\u00e1ximo\u201d.<\/p>\n<p style=\"text-align: justify;\">El jugador se form\u00f3 en Defensores de Santos Lugares, AFALP y Obras. Luego pas\u00f3 por Ramos Mej\u00eda Lawn Tennis Club como juvenil. Despu\u00e9s fue parte de Pedro Echag\u00fce en el Torneo Federal desde la temporada 2012\/13 hasta 2014\/15. De all\u00ed fich\u00f3 por Estudiantil Porte\u00f1o para jugar el campeonato del TFB 2015\/16 y la 2016\/17 estuvo en Racing Club. Ahora est\u00e1 disputando el pre-federal con AFALP.<\/p>\n","protected":false},"excerpt":{"rendered":"<p>Con las llegadas de Rom\u00e1n Rodr\u00edguez y Nicol\u00e1s Paciotti, el CAO complet\u00f3 las fichas de cara al venidero Torneo Federal de\u00a0B\u00e1squet, en el cual participar\u00e1 por segundo a\u00f1o consecutivo. El azulgrana se movi\u00f3 r\u00e1pido en este mercado de pases y defini\u00f3 los jugadores que ser\u00e1n parte de la plantilla para la pr\u00f3xima temporada. A las [&hellip;]<\/p>\n","protected":false},"author":5,"featured_media":5611,"comment_status":"closed","ping_status":"open","sticky":false,"template":"","format":"standard","meta":[],"categories":[16],"tags":[426,46,180,29],"_links":{"self":[{"href":"https:\/\/entreriosbasquet.com\/site\/wp-json\/wp\/v2\/posts\/5610"}],"collection":[{"href":"https:\/\/entreriosbasquet.com\/site\/wp-json\/wp\/v2\/posts"}],"about":[{"href":"https:\/\/entreriosbasquet.com\/site\/wp-json\/wp\/v2\/types\/post"}],"author":[{"embeddable":true,"href":"https:\/\/entreriosbasquet.com\/site\/wp-json\/wp\/v2\/users\/5"}],"replies":[{"embeddable":true,"href":"https:\/\/entreriosbasquet.com\/site\/wp-json\/wp\/v2\/comments?post=5610"}],"version-history":[{"count":1,"href":"https:\/\/entreriosbasquet.com\/site\/wp-json\/wp\/v2\/posts\/5610\/revisions"}],"predecessor-version":[{"id":5612,"href":"https:\/\/entreriosbasquet.com\/site\/wp-json\/wp\/v2\/posts\/5610\/revisions\/5612"}],"wp:featuredmedia":[{"embeddable":true,"href":"https:\/\/entreriosbasquet.com\/site\/wp-json\/wp\/v2\/media\/5611"}],"wp:attachment":[{"href":"https:\/\/entreriosbasquet.com\/site\/wp-json\/wp\/v2\/media?parent=5610"}],"wp:term":[{"taxonomy":"category","embeddable":true,"href":"https:\/\/entreriosbasquet.com\/site\/wp-json\/wp\/v2\/categories?post=5610"},{"taxonomy":"post_tag","embeddable":true,"href":"https:\/\/entreriosbasquet.com\/site\/wp-json\/wp\/v2\/tags?post=5610"}],"curies":[{"name":"wp","href":"https:\/\/api.w.org\/{rel}","templated":true}]}}