{"id":5487,"date":"2018-07-24T20:04:43","date_gmt":"2018-07-24T23:04:43","guid":{"rendered":"http:\/\/entreriosbasquet.com\/site\/?p=5487"},"modified":"2018-07-24T20:04:43","modified_gmt":"2018-07-24T23:04:43","slug":"punet-y-gerez-las-nuevas-caras-de-bh-de-gualeguay","status":"publish","type":"post","link":"https:\/\/entreriosbasquet.com\/site\/2018\/07\/24\/punet-y-gerez-las-nuevas-caras-de-bh-de-gualeguay\/","title":{"rendered":"Pu\u00f1et y Gerez, las nuevas caras de BH de Gualeguay"},"content":{"rendered":"<p style=\"text-align: justify;\">Con la idea de respetar la l\u00ednea de trabajo que viene llevando desde hace un par de temporadas, la dirigencia del Club Atl\u00e9tico BH de Gualeguay y el cuerpo t\u00e9cnico liderado por Nicol\u00e1s Schepens decidieron renovar gran parte del plantel que realiz\u00f3 una gran temporada en el Torneo Federal 2018\/2019.<\/p>\n<p style=\"text-align: justify;\">Seguir\u00e1n en el plantel Manuel G\u00f3mez, Ignacio Echeverr\u00eda, Juli\u00e1n Fern\u00e1ndez, Luis Chale y Juan Cruz Lerosse (ficha U22). Las dos caras que se incorporar\u00e1n al \u201cVerde\u201d ser\u00e1n el armador <strong>Sebasti\u00e1n Pu\u00f1et<\/strong> y el ala-p\u00edvot<strong> Leandro Gerez<\/strong>.<\/p>\n<p style=\"text-align: justify;\">Pu\u00f1et, oriundo de Santa Fe, llegar\u00e1 para reemplazar en la conducci\u00f3n a Adri\u00e1n Forastieri, quien fich\u00f3 con Central Entrerriano. El jugador de 28 a\u00f1os y 1.88 m. de altura cuenta con una dilatada trayectoria en competencias nacionales; tiene pasos por Brown de San Vicente, la Universidad Nacional del Chaco Austral (UNCAus) y Atl\u00e9tico Tala, entro otros, en el Torneo Federal, y jug\u00f3 en Hurac\u00e1n de Trelew, Uni\u00f3n de Santa Fe y Salta Basket en la Liga Argentina, ex TNA.<\/p>\n<p style=\"text-align: justify;\">Por su parte, Jerez (30 a\u00f1os y 1.94 m. de altura) llega proveniente de Deportivo Norte de Armstrong de la Liga Argentina. El nacido en Elortondo, Santa Fe, es un viejo conocido en nuestra provincial dado que disput\u00f3 tres ediciones del Torneo Federal con Atl\u00e9tico Rosario del Tala. El interno ha vestido tambi\u00e9n las camisetas de Sociedad Espa\u00f1ola de San Luis y Alumni de Casilda, entre otros.<\/p>\n","protected":false},"excerpt":{"rendered":"<p>Con la idea de respetar la l\u00ednea de trabajo que viene llevando desde hace un par de temporadas, la dirigencia del Club Atl\u00e9tico BH de Gualeguay y el cuerpo t\u00e9cnico liderado por Nicol\u00e1s Schepens decidieron renovar gran parte del plantel que realiz\u00f3 una gran temporada en el Torneo Federal 2018\/2019. Seguir\u00e1n en el plantel Manuel [&hellip;]<\/p>\n","protected":false},"author":5,"featured_media":5488,"comment_status":"closed","ping_status":"open","sticky":false,"template":"","format":"standard","meta":[],"categories":[16],"tags":[30,406,405,29],"_links":{"self":[{"href":"https:\/\/entreriosbasquet.com\/site\/wp-json\/wp\/v2\/posts\/5487"}],"collection":[{"href":"https:\/\/entreriosbasquet.com\/site\/wp-json\/wp\/v2\/posts"}],"about":[{"href":"https:\/\/entreriosbasquet.com\/site\/wp-json\/wp\/v2\/types\/post"}],"author":[{"embeddable":true,"href":"https:\/\/entreriosbasquet.com\/site\/wp-json\/wp\/v2\/users\/5"}],"replies":[{"embeddable":true,"href":"https:\/\/entreriosbasquet.com\/site\/wp-json\/wp\/v2\/comments?post=5487"}],"version-history":[{"count":1,"href":"https:\/\/entreriosbasquet.com\/site\/wp-json\/wp\/v2\/posts\/5487\/revisions"}],"predecessor-version":[{"id":5489,"href":"https:\/\/entreriosbasquet.com\/site\/wp-json\/wp\/v2\/posts\/5487\/revisions\/5489"}],"wp:featuredmedia":[{"embeddable":true,"href":"https:\/\/entreriosbasquet.com\/site\/wp-json\/wp\/v2\/media\/5488"}],"wp:attachment":[{"href":"https:\/\/entreriosbasquet.com\/site\/wp-json\/wp\/v2\/media?parent=5487"}],"wp:term":[{"taxonomy":"category","embeddable":true,"href":"https:\/\/entreriosbasquet.com\/site\/wp-json\/wp\/v2\/categories?post=5487"},{"taxonomy":"post_tag","embeddable":true,"href":"https:\/\/entreriosbasquet.com\/site\/wp-json\/wp\/v2\/tags?post=5487"}],"curies":[{"name":"wp","href":"https:\/\/api.w.org\/{rel}","templated":true}]}}