{"id":5151,"date":"2018-06-21T00:34:59","date_gmt":"2018-06-21T03:34:59","guid":{"rendered":"http:\/\/entreriosbasquet.com\/site\/?p=5151"},"modified":"2018-06-21T00:34:59","modified_gmt":"2018-06-21T03:34:59","slug":"lifschitz-rumbo-al-mundial-u17-nuestro-foco-esta-en-el-rendimiento-siempre","status":"publish","type":"post","link":"https:\/\/entreriosbasquet.com\/site\/2018\/06\/21\/lifschitz-rumbo-al-mundial-u17-nuestro-foco-esta-en-el-rendimiento-siempre\/","title":{"rendered":"Lifschitz rumbo al Mundial U17: \u00abNuestro foco est\u00e1 en el rendimiento siempre\u00bb"},"content":{"rendered":"<p style=\"text-align: justify;\">Si bien, la selecci\u00f3n nacional U17 todav\u00eda no tiene su plantel confirmado de cara al Mundial de la categor\u00eda que se disputar\u00e1 entre el 30 de junio y el 8 de julio en Rosario y Santa Fe, el entrenador principal, el entrerriano Diego Lifschitz, ya tiene en claro cu\u00e1les son los principales objetivos y con qu\u00e9 idea afrontar\u00e1 el torneo.<\/p>\n<p style=\"text-align: justify;\">El equipo, compuesto por 13 jugadores y dos invitados, se encuentra participando del Americas Team Camp en M\u00e9xico hasta el 21 de junio antes de volver al pa\u00eds para disputar el Mundial.<\/p>\n<ul style=\"text-align: justify;\">\n<li><strong>\u00bfEn qu\u00e9 instancia est\u00e1n en el proceso de evaluaci\u00f3n y c\u00f3mo evaluas el proceso hasta ahora?<\/strong><\/li>\n<\/ul>\n<p style=\"text-align: justify;\">&#8211; El proceso hasta ahora est\u00e1 dentro de los par\u00e1metros esperados. El grupo comenz\u00f3 a trabajar junto desde U15 para llegar con la mejor preparaci\u00f3n para esta instancia. Estamos en la culminaci\u00f3n del ciclo programado hasta el mundial. Al ser jugadores en formaci\u00f3n, seguramente tendr\u00e1n la continuidad para el desarrollo individual y colectivo de ellos.<\/p>\n<ul style=\"text-align: justify;\">\n<li><strong>\u00bfQu\u00e9 tipo de plantel est\u00e1s enfocado en conformar? \u00bfCu\u00e1les son las caracter\u00edsticas y prioridades a la hora del armado del grupo?<\/strong><\/li>\n<\/ul>\n<p style=\"text-align: justify;\">&#8211; El plantel que formamos es pensando en llevar adelante una idea de juego acorde al b\u00e1squet formativo; con jugadores de proyecci\u00f3n, din\u00e1micos, polifuncionales, con el objetivo de alcanzar buenos rendimientos individuales y colectivos y que esto nos lleve a alcanzar los objetivos de resultados.<\/p>\n<ul style=\"text-align: justify;\">\n<li><strong>\u00bfQu\u00e9 objetivos persiguen a la hora de encarar el torneo?<\/strong><\/li>\n<\/ul>\n<p style=\"text-align: justify;\">&#8211; A la hora de jugar un torneo perseguimos objetivos de realizaci\u00f3n los cuales tienen que ver con llevar adelante nuestra idea de juego y objetivos de resultados que tienen que ver con superar a nuestros rivales. Como siempre hemos mencionado, los primeros son los que nos van a llevar a obtener los resultados deseados. Nuestro foco est\u00e1 en el rendimiento siempre.<\/p>\n<ul style=\"text-align: justify;\">\n<li><strong>En cuanto al juego, \u00bfqu\u00e9 identidad busc\u00e1s darle al grupo?<\/strong><\/li>\n<\/ul>\n<p style=\"text-align: justify;\">&#8211; En defensa, nuestra idea es tener sistemas que ataquen al rival, que los incomoden por intensidad y por t\u00e1cticas empleadas. En ofensiva utilizar la suma de pases como recurso principal, intentando que las mismas sean din\u00e1micas y con utilizaci\u00f3n del\u00a0dribbling\u00a0como recurso secundario.<\/p>\n<ul style=\"text-align: justify;\">\n<li><strong>\u00bfQu\u00e9 tipo de torneo esperas encontrarte en el Mundial en cuanto a caracter\u00edsticas de los rivales y tendencias en general?<\/strong><\/li>\n<\/ul>\n<p style=\"text-align: justify;\">&#8211; Seguramente encontraremos un torneo con equipos muy parejos, salvo las potencias que est\u00e1n un escal\u00f3n arriba. Todos con propuestas ambiciosas, con jugadores polifuncionales en las posiciones 2, 3 y 4, ofensivas de 4 jugadores abiertos.<\/p>\n<p style=\"text-align: justify;\">Nosotros, sabiendo que tenemos que realizar nuestra propuesta con pocas fisuras para llevar nuestro rendimiento a la m\u00e1xima expresi\u00f3n y esto, a obtener buenos resultados.<\/p>\n<ul style=\"text-align: justify;\">\n<li><strong>\u00bfCu\u00e1les son las expectativas de cara a este torneo?<\/strong><\/li>\n<\/ul>\n<p style=\"text-align: justify;\">&#8211; M\u00e1s que expectativas me gustar\u00eda manifestar las buenas sensaciones que tengo por la mentalidad del grupo y la manera en que est\u00e1n entrenando. Creo que, en el deporte, tener mentalidad superadora y calidad en la manera de entrenar es un gran paso para obtener resultados como los mencionados anteriormente.<\/p>\n","protected":false},"excerpt":{"rendered":"<p>Si bien, la selecci\u00f3n nacional U17 todav\u00eda no tiene su plantel confirmado de cara al Mundial de la categor\u00eda que se disputar\u00e1 entre el 30 de junio y el 8 de julio en Rosario y Santa Fe, el entrenador principal, el entrerriano Diego Lifschitz, ya tiene en claro cu\u00e1les son los principales objetivos y con [&hellip;]<\/p>\n","protected":false},"author":5,"featured_media":5152,"comment_status":"closed","ping_status":"open","sticky":false,"template":"","format":"standard","meta":[],"categories":[379],"tags":[],"_links":{"self":[{"href":"https:\/\/entreriosbasquet.com\/site\/wp-json\/wp\/v2\/posts\/5151"}],"collection":[{"href":"https:\/\/entreriosbasquet.com\/site\/wp-json\/wp\/v2\/posts"}],"about":[{"href":"https:\/\/entreriosbasquet.com\/site\/wp-json\/wp\/v2\/types\/post"}],"author":[{"embeddable":true,"href":"https:\/\/entreriosbasquet.com\/site\/wp-json\/wp\/v2\/users\/5"}],"replies":[{"embeddable":true,"href":"https:\/\/entreriosbasquet.com\/site\/wp-json\/wp\/v2\/comments?post=5151"}],"version-history":[{"count":1,"href":"https:\/\/entreriosbasquet.com\/site\/wp-json\/wp\/v2\/posts\/5151\/revisions"}],"predecessor-version":[{"id":5153,"href":"https:\/\/entreriosbasquet.com\/site\/wp-json\/wp\/v2\/posts\/5151\/revisions\/5153"}],"wp:featuredmedia":[{"embeddable":true,"href":"https:\/\/entreriosbasquet.com\/site\/wp-json\/wp\/v2\/media\/5152"}],"wp:attachment":[{"href":"https:\/\/entreriosbasquet.com\/site\/wp-json\/wp\/v2\/media?parent=5151"}],"wp:term":[{"taxonomy":"category","embeddable":true,"href":"https:\/\/entreriosbasquet.com\/site\/wp-json\/wp\/v2\/categories?post=5151"},{"taxonomy":"post_tag","embeddable":true,"href":"https:\/\/entreriosbasquet.com\/site\/wp-json\/wp\/v2\/tags?post=5151"}],"curies":[{"name":"wp","href":"https:\/\/api.w.org\/{rel}","templated":true}]}}