{"id":5148,"date":"2018-06-20T01:20:44","date_gmt":"2018-06-20T04:20:44","guid":{"rendered":"http:\/\/entreriosbasquet.com\/site\/?p=5148"},"modified":"2018-06-20T01:20:44","modified_gmt":"2018-06-20T04:20:44","slug":"alejandro-ivetich-renovo-con-ferro","status":"publish","type":"post","link":"https:\/\/entreriosbasquet.com\/site\/2018\/06\/20\/alejandro-ivetich-renovo-con-ferro\/","title":{"rendered":"Alejandro Ivetich renov\u00f3 con Ferro"},"content":{"rendered":"<p style=\"text-align: justify;\">De a poco comenzaron los movimientos de mercado para los equipos entrerrianos en el Torneo Federal de B\u00e1squet. Despu\u00e9s de confirmar la continuidad del entrenador Ariel Blanc, Ferro de Concordia se asegur\u00f3 la renovaci\u00f3n por una temporada de <strong>Alejandro Ivetich<\/strong>.<\/p>\n<p style=\"text-align: justify;\">El escolta, nacido en Rada Tilly, en la provincia del Chubut, es la primera ficha del plantel del \u201cExpreso\u201d. El ex Pe\u00f1arol de Rosario del Tala viene de una temporada muy positiva en Ferro con promedio de 13.6 puntos, 3.3 rebotes y 2.9 asistencias en 33:16 minutos.<\/p>\n","protected":false},"excerpt":{"rendered":"<p>De a poco comenzaron los movimientos de mercado para los equipos entrerrianos en el Torneo Federal de B\u00e1squet. Despu\u00e9s de confirmar la continuidad del entrenador Ariel Blanc, Ferro de Concordia se asegur\u00f3 la renovaci\u00f3n por una temporada de Alejandro Ivetich. El escolta, nacido en Rada Tilly, en la provincia del Chubut, es la primera ficha [&hellip;]<\/p>\n","protected":false},"author":5,"featured_media":5149,"comment_status":"closed","ping_status":"open","sticky":false,"template":"","format":"standard","meta":[],"categories":[16],"tags":[168,40,29],"_links":{"self":[{"href":"https:\/\/entreriosbasquet.com\/site\/wp-json\/wp\/v2\/posts\/5148"}],"collection":[{"href":"https:\/\/entreriosbasquet.com\/site\/wp-json\/wp\/v2\/posts"}],"about":[{"href":"https:\/\/entreriosbasquet.com\/site\/wp-json\/wp\/v2\/types\/post"}],"author":[{"embeddable":true,"href":"https:\/\/entreriosbasquet.com\/site\/wp-json\/wp\/v2\/users\/5"}],"replies":[{"embeddable":true,"href":"https:\/\/entreriosbasquet.com\/site\/wp-json\/wp\/v2\/comments?post=5148"}],"version-history":[{"count":1,"href":"https:\/\/entreriosbasquet.com\/site\/wp-json\/wp\/v2\/posts\/5148\/revisions"}],"predecessor-version":[{"id":5150,"href":"https:\/\/entreriosbasquet.com\/site\/wp-json\/wp\/v2\/posts\/5148\/revisions\/5150"}],"wp:featuredmedia":[{"embeddable":true,"href":"https:\/\/entreriosbasquet.com\/site\/wp-json\/wp\/v2\/media\/5149"}],"wp:attachment":[{"href":"https:\/\/entreriosbasquet.com\/site\/wp-json\/wp\/v2\/media?parent=5148"}],"wp:term":[{"taxonomy":"category","embeddable":true,"href":"https:\/\/entreriosbasquet.com\/site\/wp-json\/wp\/v2\/categories?post=5148"},{"taxonomy":"post_tag","embeddable":true,"href":"https:\/\/entreriosbasquet.com\/site\/wp-json\/wp\/v2\/tags?post=5148"}],"curies":[{"name":"wp","href":"https:\/\/api.w.org\/{rel}","templated":true}]}}