{"id":4080,"date":"2018-03-07T00:27:52","date_gmt":"2018-03-07T03:27:52","guid":{"rendered":"http:\/\/entreriosbasquet.com\/site\/?p=4080"},"modified":"2018-03-07T00:27:52","modified_gmt":"2018-03-07T03:27:52","slug":"cuatro-entrerrianos-llamados-a-la-preseleccion-nacional-u17","status":"publish","type":"post","link":"https:\/\/entreriosbasquet.com\/site\/2018\/03\/07\/cuatro-entrerrianos-llamados-a-la-preseleccion-nacional-u17\/","title":{"rendered":"Cuatro entrerrianos llamados a la Preselecci\u00f3n Nacional U17"},"content":{"rendered":"<p style=\"text-align: justify;\">De cara al Mundial U17 masculino que se disputar\u00e1 en nuestro pa\u00eds, la Preselecci\u00f3n Nacional U17 tendr\u00e1 su segunda concentraci\u00f3n del a\u00f1o entre el 12 y el 18 de marzo.\u00a0Los entrenamientos se desarrollar\u00e1n en el CeNARD y contar\u00e1n con la participaci\u00f3n de 17 jugadores entre los que se encuentran los entrerrianos <strong>Ignacio Varisco<\/strong> (Ferro de CABA), <strong>Juan Cruz Scacchi<\/strong> (Ciclista de Paran\u00e1), <strong>Lautaro Pividori<\/strong> (Ciclista de Pn\u00e1) y <strong>Mateo D\u00edaz<\/strong> (Racing de Gualeguaych\u00fa).<\/p>\n<p style=\"text-align: justify;\">Cada vez falta menos para el gran evento, en cuanto a las formativas, del a\u00f1o. Se trata del Mundial U17 masculino que se jugar\u00e1 en las ciudades de Rosario y Santa Fe entre el 30 de junio y el 8 de julio pr\u00f3ximos. Como parte de la preparaci\u00f3n para tan importante competici\u00f3n, la Preselecci\u00f3n Nacional de dicha categor\u00eda se reunir\u00e1 por segunda vez en lo que va del a\u00f1o.<\/p>\n<p style=\"text-align: justify;\">En este caso, las pr\u00e1cticas contar\u00e1n con la participaci\u00f3n de 17 jugadores y se desarrollar\u00e1n en las instalaciones del CeNARD. El Director T\u00e9cnico <strong>Diego Lifschitz<\/strong> estar\u00e1 a cargo de los entrenamientos y contar\u00e1, como es habitual, con la ayuda de los asistentes t\u00e9cnicos Pablo Romero y Esteban De La Fuente, en tanto que Pablo Giusti ser\u00e1 el Preparador F\u00edsico.<\/p>\n","protected":false},"excerpt":{"rendered":"<p>De cara al Mundial U17 masculino que se disputar\u00e1 en nuestro pa\u00eds, la Preselecci\u00f3n Nacional U17 tendr\u00e1 su segunda concentraci\u00f3n del a\u00f1o entre el 12 y el 18 de marzo.\u00a0Los entrenamientos se desarrollar\u00e1n en el CeNARD y contar\u00e1n con la participaci\u00f3n de 17 jugadores entre los que se encuentran los entrerrianos Ignacio Varisco (Ferro de [&hellip;]<\/p>\n","protected":false},"author":5,"featured_media":4081,"comment_status":"closed","ping_status":"open","sticky":false,"template":"","format":"standard","meta":[],"categories":[19],"tags":[91,90,89,135],"_links":{"self":[{"href":"https:\/\/entreriosbasquet.com\/site\/wp-json\/wp\/v2\/posts\/4080"}],"collection":[{"href":"https:\/\/entreriosbasquet.com\/site\/wp-json\/wp\/v2\/posts"}],"about":[{"href":"https:\/\/entreriosbasquet.com\/site\/wp-json\/wp\/v2\/types\/post"}],"author":[{"embeddable":true,"href":"https:\/\/entreriosbasquet.com\/site\/wp-json\/wp\/v2\/users\/5"}],"replies":[{"embeddable":true,"href":"https:\/\/entreriosbasquet.com\/site\/wp-json\/wp\/v2\/comments?post=4080"}],"version-history":[{"count":1,"href":"https:\/\/entreriosbasquet.com\/site\/wp-json\/wp\/v2\/posts\/4080\/revisions"}],"predecessor-version":[{"id":4082,"href":"https:\/\/entreriosbasquet.com\/site\/wp-json\/wp\/v2\/posts\/4080\/revisions\/4082"}],"wp:featuredmedia":[{"embeddable":true,"href":"https:\/\/entreriosbasquet.com\/site\/wp-json\/wp\/v2\/media\/4081"}],"wp:attachment":[{"href":"https:\/\/entreriosbasquet.com\/site\/wp-json\/wp\/v2\/media?parent=4080"}],"wp:term":[{"taxonomy":"category","embeddable":true,"href":"https:\/\/entreriosbasquet.com\/site\/wp-json\/wp\/v2\/categories?post=4080"},{"taxonomy":"post_tag","embeddable":true,"href":"https:\/\/entreriosbasquet.com\/site\/wp-json\/wp\/v2\/tags?post=4080"}],"curies":[{"name":"wp","href":"https:\/\/api.w.org\/{rel}","templated":true}]}}