{"id":3939,"date":"2018-02-20T22:45:18","date_gmt":"2018-02-21T01:45:18","guid":{"rendered":"http:\/\/entreriosbasquet.com\/site\/?p=3939"},"modified":"2018-02-24T13:15:30","modified_gmt":"2018-02-24T16:15:30","slug":"la-seleccion-argentina-retira-la-camiseta-de-nocioni-el-corazon-de-la-generacion-dorada","status":"publish","type":"post","link":"https:\/\/entreriosbasquet.com\/site\/2018\/02\/20\/la-seleccion-argentina-retira-la-camiseta-de-nocioni-el-corazon-de-la-generacion-dorada\/","title":{"rendered":"Retiran la camiseta de Nocioni, el coraz\u00f3n de la Generaci\u00f3n Dorada"},"content":{"rendered":"<p style=\"text-align: justify;\">La Confederaci\u00f3n Argentina de B\u00e1squet anunci\u00f3 que el pr\u00f3ximo 26 de febrero en el partido de la Selecci\u00f3n contra Paraguay en Olavarr\u00eda, se llevar\u00e1 a cabo la ceremonia de retiro de camiseta de uno de los jugadores emblemas del equipo albiceleste, Andr\u00e9s Nocioni, quien estar\u00e1 presente en el Parque Carlos Guerrero para participar del homenaje.<\/p>\n<p style=\"text-align: justify;\">La \u201cN\u00famero 13\u201d fue protagonista del mayor logr\u00f3 para la Selecci\u00f3n Argentina: el Oro Ol\u00edmpico en Atenas 2004, seguido de la Medalla de Bronce en Beijing 2008, adem\u00e1s de los t\u00edtulos en el Premundial de 2001 en Neuqu\u00e9n y en el Preol\u00edmpico de 2011 en Mar del Plata y el subcampeonato en el Mundial de Indian\u00e1polis 2002, donde comenzaba la historia para esta generaci\u00f3n dorada, que comenz\u00f3 a desarmarse tras el retiro de aquellos jugadores que lograron meterse en el coraz\u00f3n de los aficionados del baloncesto en todo el mundo.<\/p>\n<p style=\"text-align: justify;\">Nocioni anunci\u00f3 su retiro de la Selecci\u00f3n tras los Juegos Ol\u00edmpicos de R\u00edo de Janeiro y se retir\u00f3 de la actividad en junio de 2017 con la camiseta de Real Madrid en la Liga ACB de Espa\u00f1a. El \u201cChapu\u201d es el tercer jugador con m\u00e1s partidos en el equipo nacional, detr\u00e1s del actual capit\u00e1n del Seleccionado, Luis Scola y el ex jugador Leonardo Guti\u00e9rrez y disput\u00f3 121 encuentros, con 1364 puntos en 15 competencias.<\/p>\n<p style=\"text-align: justify;\">El coraz\u00f3n de la Generaci\u00f3n Dorada, como se lo reconoce, ser\u00e1 parte de la ceremonia que se celebrar\u00e1 en el marco de la segunda fecha de las eliminatorias FIBA el pr\u00f3ximo 26 de febrero, una fecha que quedar\u00e1 en la historia grande del baloncesto argentino cuando se inmortalice ese momento y se cuelgue la \u201c13\u201d de Andr\u00e9s \u201cChapu\u201d Nocioni.<\/p>\n","protected":false},"excerpt":{"rendered":"<p>La Confederaci\u00f3n Argentina de B\u00e1squet anunci\u00f3 que el pr\u00f3ximo 26 de febrero en el partido de la Selecci\u00f3n contra Paraguay en Olavarr\u00eda, se llevar\u00e1 a cabo la ceremonia de retiro de camiseta de uno de los jugadores emblemas del equipo albiceleste, Andr\u00e9s Nocioni, quien estar\u00e1 presente en el Parque Carlos Guerrero para participar del homenaje. [&hellip;]<\/p>\n","protected":false},"author":5,"featured_media":3940,"comment_status":"closed","ping_status":"open","sticky":false,"template":"","format":"standard","meta":[],"categories":[260],"tags":[301,44,300,264],"_links":{"self":[{"href":"https:\/\/entreriosbasquet.com\/site\/wp-json\/wp\/v2\/posts\/3939"}],"collection":[{"href":"https:\/\/entreriosbasquet.com\/site\/wp-json\/wp\/v2\/posts"}],"about":[{"href":"https:\/\/entreriosbasquet.com\/site\/wp-json\/wp\/v2\/types\/post"}],"author":[{"embeddable":true,"href":"https:\/\/entreriosbasquet.com\/site\/wp-json\/wp\/v2\/users\/5"}],"replies":[{"embeddable":true,"href":"https:\/\/entreriosbasquet.com\/site\/wp-json\/wp\/v2\/comments?post=3939"}],"version-history":[{"count":2,"href":"https:\/\/entreriosbasquet.com\/site\/wp-json\/wp\/v2\/posts\/3939\/revisions"}],"predecessor-version":[{"id":3942,"href":"https:\/\/entreriosbasquet.com\/site\/wp-json\/wp\/v2\/posts\/3939\/revisions\/3942"}],"wp:featuredmedia":[{"embeddable":true,"href":"https:\/\/entreriosbasquet.com\/site\/wp-json\/wp\/v2\/media\/3940"}],"wp:attachment":[{"href":"https:\/\/entreriosbasquet.com\/site\/wp-json\/wp\/v2\/media?parent=3939"}],"wp:term":[{"taxonomy":"category","embeddable":true,"href":"https:\/\/entreriosbasquet.com\/site\/wp-json\/wp\/v2\/categories?post=3939"},{"taxonomy":"post_tag","embeddable":true,"href":"https:\/\/entreriosbasquet.com\/site\/wp-json\/wp\/v2\/tags?post=3939"}],"curies":[{"name":"wp","href":"https:\/\/api.w.org\/{rel}","templated":true}]}}