{"id":3395,"date":"2017-12-26T18:45:49","date_gmt":"2017-12-26T21:45:49","guid":{"rendered":"http:\/\/entreriosbasquet.com\/site\/?p=3395"},"modified":"2017-12-27T18:54:44","modified_gmt":"2017-12-27T21:54:44","slug":"richard-el-balance-hasta-ahora-es-muy-bueno","status":"publish","type":"post","link":"https:\/\/entreriosbasquet.com\/site\/2017\/12\/26\/richard-el-balance-hasta-ahora-es-muy-bueno\/","title":{"rendered":"Richard: \u00abEl balance hasta ahora es muy bueno\u00bb"},"content":{"rendered":"<p style=\"text-align: justify;\">Parque Sur volver\u00e1 a los entrenamientos el 4 de enero y el 9 jugar\u00e1 en Col\u00f3n, ante La Uni\u00f3n, el primer encuentro del 2018 por la Conferencia Sur de la Liga Argentina de B\u00e1squetbol. Mientras busca el reemplazante del brasile\u00f1o Felipe Braga para encarar lo que viene, Ren\u00e9 Richard, su entrenador, dialog\u00f3 con\u00a0el Departamento de Prensa de la instituci\u00f3n y realiz\u00f3\u00a0una pausa para dejar su impresi\u00f3n de lo que pas\u00f3 y lo que se viene.<\/p>\n<p style=\"text-align: justify;\">\u201cCuando empez\u00e1s a preparar todo a principios de temporada pens\u00e1s en lo inmediato y nosotros ten\u00edamos un equipo con cinco jugadores nuevos. El laburo a corto plazo era que ellos se metieran en el grupo y que entiendan la filosof\u00eda de lo que yo pretendo como equipo; que sepan lo que significa este club y jugar para defender esta camiseta; hacer que ellos vayan sabiendo para qu\u00e9 vinieron y lo que tienen que hacer en beneficio del equipo y desde eso jugar e ir corrigiendo las falencias que fueron apareciendo. Creo que todo eso lo hicimos muy bien con este cuerpo t\u00e9cnico. Estar entre los primeros en una Liga tan competitiva como esta no es poca cosa. En una instituci\u00f3n como Parque Sur en la que gente nos acompa\u00f1a y vive el b\u00e1squet con mucho furor, creo que se fueron contentos con el torneo que hicimos hasta ac\u00e1\u201d, indic\u00f3 el DT sure\u00f1o que disfruta ver a su equipo en el segundo puesto detr\u00e1s de Deportivo Viedma.<\/p>\n<p style=\"text-align: justify;\">Tambi\u00e9n se refiri\u00f3 a los \u00faltimos tres partidos de este a\u00f1o, correspondientes a la Segunda Fase de la Liga: \u201cEn el \u00faltimo de local ante Ciclista no arrancamos muy bien y despu\u00e9s empezamos a defender con otra actitud para que ellos no jueguen tan c\u00f3modos. Desde ah\u00ed pudimos sacar una diferencia en el tercer cuarto y la supimos mantener hasta el cierre. Previo a eso en Temperley hicimos un partidazo y pudimos ganar de visitante, algo que es muy dif\u00edcil lograr; y en Gimnasia fuimos ganando todo el partido y en el cierre defendimos mal tres pelotas y nos cost\u00f3 la derrota\u201d, expres\u00f3 Ren\u00e9 Richard.<\/p>\n<p style=\"text-align: justify;\"><strong>-\u00bfQu\u00e9 les dijiste a los jugadores antes de las vacaciones?<\/strong><\/p>\n<p style=\"text-align: justify;\">-Que el balance es muy bueno para todos. Les agradec\u00ed por esto y por c\u00f3mo defendieron la camiseta de nuestro club. El m\u00e9rito de estar segundos es de ellos, nosotros laburamos pero ellos son los que juegan. Esto es de ellos, eso les dije. Cuando vuelvan va a ser m\u00e1s largo, los viajes ser\u00e1n cansadores, vamos a estar mucho tiempo juntos y eso a veces genera rispideces m\u00e1s all\u00e1 que siempre tenemos una relaci\u00f3n excelente con el plantel. Les desee que descansen junto a sus familias y que sepan que cuando vuelvan se viene lo m\u00e1s duro.<\/p>\n<p style=\"text-align: justify;\"><strong>-\u00bfQu\u00e9 significa para vos superarte permanentemente en Parque Sur?<\/strong><\/p>\n<p style=\"text-align: justify;\">-Este es el club que quiero desde que nac\u00ed y yo disfruto mucho todo esto. Para m\u00ed es un orgullo estar ac\u00e1 y creo que aportamos un granito de arena para todos los que est\u00e1n cerca de la instituci\u00f3n y para los jugadores de las categor\u00edas intermedias que vienen y se ven reflejados en este equipo.<\/p>\n<p style=\"text-align: justify;\"><strong>-Hay poco tiempo. \u00bfDescans\u00e1s o pens\u00e1s en lo que viene?<\/strong><\/p>\n<p style=\"text-align: justify;\">-Descanso pero en las vacaciones, durante el tiempo que estoy solo o salgo a correr ya voy planificando en la cabeza lo que viene que ser\u00e1 lo m\u00e1s largo y duro. Siempre fui as\u00ed, no voy a cambiar ahora.<\/p>\n<p style=\"text-align: justify;\"><strong>-\u00bfC\u00f3mo analizas la continuidad de la Liga y lo que tiene Parque Sur por delante?<\/strong><\/p>\n<p style=\"text-align: justify;\">-Nos tocar\u00e1 enfrentar equipos nuevos, la mayor\u00eda tienen dos americanos. Son equipos fuertes que econ\u00f3micamente apuntaron alto. Nosotros vamos a estar preparados para defender el lugar donde estamos. No hay que descansar en este lugar y tendr\u00e1n que respetarnos porque es un m\u00e9rito de Parque Sur estar ah\u00ed.<\/p>\n","protected":false},"excerpt":{"rendered":"<p>Parque Sur volver\u00e1 a los entrenamientos el 4 de enero y el 9 jugar\u00e1 en Col\u00f3n, ante La Uni\u00f3n, el primer encuentro del 2018 por la Conferencia Sur de la Liga Argentina de B\u00e1squetbol. Mientras busca el reemplazante del brasile\u00f1o Felipe Braga para encarar lo que viene, Ren\u00e9 Richard, su entrenador, dialog\u00f3 con\u00a0el Departamento de [&hellip;]<\/p>\n","protected":false},"author":5,"featured_media":3396,"comment_status":"closed","ping_status":"open","sticky":false,"template":"","format":"standard","meta":[],"categories":[11],"tags":[197,32],"_links":{"self":[{"href":"https:\/\/entreriosbasquet.com\/site\/wp-json\/wp\/v2\/posts\/3395"}],"collection":[{"href":"https:\/\/entreriosbasquet.com\/site\/wp-json\/wp\/v2\/posts"}],"about":[{"href":"https:\/\/entreriosbasquet.com\/site\/wp-json\/wp\/v2\/types\/post"}],"author":[{"embeddable":true,"href":"https:\/\/entreriosbasquet.com\/site\/wp-json\/wp\/v2\/users\/5"}],"replies":[{"embeddable":true,"href":"https:\/\/entreriosbasquet.com\/site\/wp-json\/wp\/v2\/comments?post=3395"}],"version-history":[{"count":1,"href":"https:\/\/entreriosbasquet.com\/site\/wp-json\/wp\/v2\/posts\/3395\/revisions"}],"predecessor-version":[{"id":3397,"href":"https:\/\/entreriosbasquet.com\/site\/wp-json\/wp\/v2\/posts\/3395\/revisions\/3397"}],"wp:featuredmedia":[{"embeddable":true,"href":"https:\/\/entreriosbasquet.com\/site\/wp-json\/wp\/v2\/media\/3396"}],"wp:attachment":[{"href":"https:\/\/entreriosbasquet.com\/site\/wp-json\/wp\/v2\/media?parent=3395"}],"wp:term":[{"taxonomy":"category","embeddable":true,"href":"https:\/\/entreriosbasquet.com\/site\/wp-json\/wp\/v2\/categories?post=3395"},{"taxonomy":"post_tag","embeddable":true,"href":"https:\/\/entreriosbasquet.com\/site\/wp-json\/wp\/v2\/tags?post=3395"}],"curies":[{"name":"wp","href":"https:\/\/api.w.org\/{rel}","templated":true}]}}