{"id":3373,"date":"2017-12-23T02:41:27","date_gmt":"2017-12-23T05:41:27","guid":{"rendered":"http:\/\/entreriosbasquet.com\/site\/?p=3373"},"modified":"2017-12-23T02:41:27","modified_gmt":"2017-12-23T05:41:27","slug":"parque-sur-corto-a-al-brasileno-felipe-braga","status":"publish","type":"post","link":"https:\/\/entreriosbasquet.com\/site\/2017\/12\/23\/parque-sur-corto-a-al-brasileno-felipe-braga\/","title":{"rendered":"Parque Sur cort\u00f3 a al brasile\u00f1o Felipe Braga"},"content":{"rendered":"<p style=\"text-align: justify;\">El jugador brasile\u00f1o Felipe Braga no seguir\u00e1 en Parque Sur en el 2018 para la continuidad de la Liga Argentina de B\u00e1squet. El partido del viernes ante Ciclista, en el Gigante, marc\u00f3 su despedida; desafortunadamente se retir\u00f3 lesionado a los 2 minutos del tercer cuarto en su \u00faltimo encuentro.<\/p>\n<p style=\"text-align: justify;\">El entrenador Ren\u00e9 Richard confirm\u00f3 la noticia y brind\u00f3 detalles al respecto: \u201cLamentablemente lo tuve que cortar a Felipe. Es un chico muy joven, que tiene 23 a\u00f1os, muy buen profesional, pero no nos dio lo que yo necesito que son 15 puntos por partido. Por eso tomamos esta decisi\u00f3n. El extranjero que quiero que venga tiene que dar eso\u201d, explic\u00f3.<\/p>\n<p style=\"text-align: justify;\">El DT sure\u00f1o agreg\u00f3: \u201cHablamos con \u00e9l, a esta edad esto le va a seguir pasando y tiene que estar tranquilo porque va a seguir aprendiendo. Es un jugador muy alto y si se afianza en las falencias que tiene va a ser importante en cualquier equipo\u201d, indic\u00f3 Ren\u00e9 Richard.<\/p>\n<p style=\"text-align: justify;\">Felipe Braga se despidi\u00f3 anoche de Parque Sur. Recordemos que hab\u00eda llegado para reemplazar a Andr\u00e9 Kregg Jones, que fue cortado antes del comienzo de esta Liga.<\/p>\n<p style=\"text-align: justify;\">Ser\u00e1 la \u00fanica baja para el 2018. Consultamos al entrenador sobre su reemplazante y contest\u00f3: \u201cEstoy viendo, tengo en carpeta dos o tres jugadores. Estamos vi\u00e9ndolo tambi\u00e9n con los dirigentes, esperemos no equivocarnos. Queremos que el extranjero que venga nos sirva para lo que queda del torneo y para lo que viene necesitamos un equipo largo\u201d, concluy\u00f3.<\/p>\n<p>&nbsp;<\/p>\n","protected":false},"excerpt":{"rendered":"<p>El jugador brasile\u00f1o Felipe Braga no seguir\u00e1 en Parque Sur en el 2018 para la continuidad de la Liga Argentina de B\u00e1squet. El partido del viernes ante Ciclista, en el Gigante, marc\u00f3 su despedida; desafortunadamente se retir\u00f3 lesionado a los 2 minutos del tercer cuarto en su \u00faltimo encuentro. El entrenador Ren\u00e9 Richard confirm\u00f3 la [&hellip;]<\/p>\n","protected":false},"author":5,"featured_media":3374,"comment_status":"closed","ping_status":"open","sticky":false,"template":"","format":"standard","meta":[],"categories":[11],"tags":[329,197,32],"_links":{"self":[{"href":"https:\/\/entreriosbasquet.com\/site\/wp-json\/wp\/v2\/posts\/3373"}],"collection":[{"href":"https:\/\/entreriosbasquet.com\/site\/wp-json\/wp\/v2\/posts"}],"about":[{"href":"https:\/\/entreriosbasquet.com\/site\/wp-json\/wp\/v2\/types\/post"}],"author":[{"embeddable":true,"href":"https:\/\/entreriosbasquet.com\/site\/wp-json\/wp\/v2\/users\/5"}],"replies":[{"embeddable":true,"href":"https:\/\/entreriosbasquet.com\/site\/wp-json\/wp\/v2\/comments?post=3373"}],"version-history":[{"count":1,"href":"https:\/\/entreriosbasquet.com\/site\/wp-json\/wp\/v2\/posts\/3373\/revisions"}],"predecessor-version":[{"id":3375,"href":"https:\/\/entreriosbasquet.com\/site\/wp-json\/wp\/v2\/posts\/3373\/revisions\/3375"}],"wp:featuredmedia":[{"embeddable":true,"href":"https:\/\/entreriosbasquet.com\/site\/wp-json\/wp\/v2\/media\/3374"}],"wp:attachment":[{"href":"https:\/\/entreriosbasquet.com\/site\/wp-json\/wp\/v2\/media?parent=3373"}],"wp:term":[{"taxonomy":"category","embeddable":true,"href":"https:\/\/entreriosbasquet.com\/site\/wp-json\/wp\/v2\/categories?post=3373"},{"taxonomy":"post_tag","embeddable":true,"href":"https:\/\/entreriosbasquet.com\/site\/wp-json\/wp\/v2\/tags?post=3373"}],"curies":[{"name":"wp","href":"https:\/\/api.w.org\/{rel}","templated":true}]}}