{"id":3066,"date":"2017-11-08T15:04:44","date_gmt":"2017-11-08T18:04:44","guid":{"rendered":"http:\/\/entreriosbasquet.com\/site\/?p=3066"},"modified":"2017-11-21T15:08:08","modified_gmt":"2017-11-21T18:08:08","slug":"argentina-ya-tiene-los-convocados-para-enfrentar-a-paraguay-y-panama","status":"publish","type":"post","link":"https:\/\/entreriosbasquet.com\/site\/2017\/11\/08\/argentina-ya-tiene-los-convocados-para-enfrentar-a-paraguay-y-panama\/","title":{"rendered":"Argentina ya tiene los convocados para enfrentar a Paraguay y Panam\u00e1"},"content":{"rendered":"<p style=\"text-align: justify;\">Sergio Hern\u00e1ndez anunci\u00f3 la lista definitiva de jugadores con los que trabajar\u00e1 de cara a la primera ventana eliminatoria, en la que la Selecci\u00f3n Argentina chocar\u00e1 ante Paraguay (en La Rioja, el jueves 23 del corriente mes) y Panam\u00e1 (en Panam\u00e1, el domingo 26). Sobre la lista de buena fe publicada hace un par de semanas (parte del procedimiento administrativo fijado por FIBA dentro del nuevo sistema de competencias), el entrenador decidi\u00f3 el recorte a 13 convocados, los cuales se reunir\u00e1n el lunes 20, en el Hotel Boca.<\/p>\n<p style=\"text-align: justify;\">El grupo se trasladar\u00e1 dos d\u00edas m\u00e1s tarde hacia La Rioja, en un charter privado, y tras su debut en este novedoso formato, viajar\u00e1 en la madrugada siguiente rumbo a Ezeiza, para conectar con un vuelo de Copa Airlines hacia el destino definitivo.<\/p>\n<p style=\"text-align: justify;\">De este modo, se coronan varios regresos a la Selecci\u00f3n mayor de algunos experimentados (Nicol\u00e1s Aguirre, Marcos Mata, Mat\u00edas Sandes y Leonardo Mainoldi), quienes, a la vez, convivir\u00e1n con la base del joven plantel que obtuvo el subcampeonato en la reciente AmeriCup.<\/p>\n<p style=\"text-align: justify;\">Vale recordar que la primera etapa del sistema de clasificaci\u00f3n tendr\u00e1 dos ventanas m\u00e1s (para las cuales se confeccionar\u00e1n nuevas listas de buena fe que podr\u00e1n tener nuevos jugadores). En la segunda, Argentina se medir\u00e1 de local contra Uruguay (23 de febrero del 2018) y de visitante frente a Paraguay (26 de febrero); y en la tercera, ser\u00e1 momento de chocar en casa contra Panam\u00e1 (28 de junio del 2018) y afuera frente a Uruguay (1 de julio). Los tres mejores de la zona avanzar\u00e1n a una nueva fase que tendr\u00e1 otras tres ventanas (con arrastre de puntos). Am\u00e9rica dispondr\u00e1 de siete plazas disponibles para el Mundial.<\/p>\n<p style=\"text-align: justify;\">Por \u00faltimo: las entradas para el encuentro con los paraguayos saldr\u00e1n a la venta el viernes, a trav\u00e9s de Ticketek, Banco Rioja y Tarjeta Federal y costar\u00e1n desde 200 hasta 1.000 pesos, seg\u00fan la ubicaci\u00f3n.<\/p>\n<p style=\"text-align: justify;\"><strong>LISTA DE CONVOCADOS DEFINITIVA:\u00a0<\/strong><\/p>\n<p style=\"text-align: justify;\"><strong>Bases<\/strong><br \/>\nNicol\u00e1s Laprovittola (Zenit, Rusia)<br \/>\nNicol\u00e1s Aguirre (San Lorenzo, Argentina)<\/p>\n<p style=\"text-align: justify;\"><strong>Escoltas<\/strong><br \/>\nM\u00e1ximo Fjellerup (Bah\u00eda Basket, Argentina)<br \/>\nLucio Redivo (Bilbao Basket, Espa\u00f1a)<br \/>\nEric Flor (Quilmes, Argentina)<\/p>\n<p style=\"text-align: justify;\"><strong>Aleros<\/strong><br \/>\nGabriel Deck (San Lorenzo, Argentina)<br \/>\nMarcos Mata (San Lorenzo, Argentina)<\/p>\n<p style=\"text-align: justify;\"><strong>Ala pivotes<\/strong><br \/>\nLuis Scola (Shanxi Zhongyu, China)<br \/>\nJavier Saiz (Regatas, Argentina)<br \/>\nLeonardo Mainoldi (San Mart\u00edn, Argentina)<br \/>\nMat\u00edas Sandes (San Lorenzo, Argentina)<\/p>\n<p style=\"text-align: justify;\"><strong>Pivotes<\/strong><br \/>\nMarcos Del\u00eda (Murcia, Espa\u00f1a)<br \/>\nLautaro Berra (Obras, Argentina)<\/p>\n<p style=\"text-align: justify;\"><strong>Cuerpo t\u00e9cnico:<\/strong><\/p>\n<p style=\"text-align: justify;\"><strong>Entrenador:<\/strong> Sergio Hern\u00e1ndez<\/p>\n<p style=\"text-align: justify;\"><strong>Asistentes:<\/strong> Diego Lifschitz, Maxi Seigorman y Juan Gatti.<\/p>\n<p style=\"text-align: justify;\"><strong>Preparador F\u00edsico:<\/strong> Manuel Alvarez.<\/p>\n","protected":false},"excerpt":{"rendered":"<p>Sergio Hern\u00e1ndez anunci\u00f3 la lista definitiva de jugadores con los que trabajar\u00e1 de cara a la primera ventana eliminatoria, en la que la Selecci\u00f3n Argentina chocar\u00e1 ante Paraguay (en La Rioja, el jueves 23 del corriente mes) y Panam\u00e1 (en Panam\u00e1, el domingo 26). Sobre la lista de buena fe publicada hace un par de [&hellip;]<\/p>\n","protected":false},"author":5,"featured_media":3067,"comment_status":"closed","ping_status":"open","sticky":false,"template":"","format":"standard","meta":[],"categories":[260],"tags":[44,300,261],"_links":{"self":[{"href":"https:\/\/entreriosbasquet.com\/site\/wp-json\/wp\/v2\/posts\/3066"}],"collection":[{"href":"https:\/\/entreriosbasquet.com\/site\/wp-json\/wp\/v2\/posts"}],"about":[{"href":"https:\/\/entreriosbasquet.com\/site\/wp-json\/wp\/v2\/types\/post"}],"author":[{"embeddable":true,"href":"https:\/\/entreriosbasquet.com\/site\/wp-json\/wp\/v2\/users\/5"}],"replies":[{"embeddable":true,"href":"https:\/\/entreriosbasquet.com\/site\/wp-json\/wp\/v2\/comments?post=3066"}],"version-history":[{"count":1,"href":"https:\/\/entreriosbasquet.com\/site\/wp-json\/wp\/v2\/posts\/3066\/revisions"}],"predecessor-version":[{"id":3068,"href":"https:\/\/entreriosbasquet.com\/site\/wp-json\/wp\/v2\/posts\/3066\/revisions\/3068"}],"wp:featuredmedia":[{"embeddable":true,"href":"https:\/\/entreriosbasquet.com\/site\/wp-json\/wp\/v2\/media\/3067"}],"wp:attachment":[{"href":"https:\/\/entreriosbasquet.com\/site\/wp-json\/wp\/v2\/media?parent=3066"}],"wp:term":[{"taxonomy":"category","embeddable":true,"href":"https:\/\/entreriosbasquet.com\/site\/wp-json\/wp\/v2\/categories?post=3066"},{"taxonomy":"post_tag","embeddable":true,"href":"https:\/\/entreriosbasquet.com\/site\/wp-json\/wp\/v2\/tags?post=3066"}],"curies":[{"name":"wp","href":"https:\/\/api.w.org\/{rel}","templated":true}]}}