{"id":3033,"date":"2017-11-18T18:47:47","date_gmt":"2017-11-18T21:47:47","guid":{"rendered":"http:\/\/entreriosbasquet.com\/site\/?p=3033"},"modified":"2017-11-18T18:47:47","modified_gmt":"2017-11-18T21:47:47","slug":"godoy-esta-liga-va-a-ser-mas-dura-que-la-anterior","status":"publish","type":"post","link":"https:\/\/entreriosbasquet.com\/site\/2017\/11\/18\/godoy-esta-liga-va-a-ser-mas-dura-que-la-anterior\/","title":{"rendered":"Godoy: \u201cEsta Liga va a ser m\u00e1s dura que la anterior\u201d"},"content":{"rendered":"<p style=\"text-align: justify;\">El Club Talleres de Paran\u00e1 logr\u00f3 anoche su segunda victoria en la temporada en la Liga Provincial al batir 78 a 73 a ADEV de Villaguay en un duelo que se resolvi\u00f3 en los segundos finales. Al t\u00e9rmino del mismo, el escolta del CAT, Cristian Godoy, charl\u00f3 con Entre R\u00edos B\u00e1squet de lo que fue el encuentro y de los aspectos del juego que seg\u00fan su visi\u00f3n debe mejorar el \u201cRojo\u201d.<\/p>\n<p style=\"text-align: justify;\">\u201cFue un partido dur\u00edsimo; sab\u00edamos al equipo que nos enfrent\u00e1bamos y que ADEV era un equipo complicado. Tuvimos que trabajarlo y gracias a Dios nos llevamos el juego. La verdad que no defendimos mucho, que para nosotros es la clave; nos anotaron de una forma que lo hab\u00edamos hablado y casi nos cuesta el partido\u201d, expres\u00f3.<\/p>\n<p style=\"text-align: justify;\">Godoy, que fue una de las figuras de la noche con 15 tantos, 13 rebotes y 5 asistencias, asever\u00f3 que \u201cen el segundo y el tercer cuarto jugamos un poco a lo que queremos, que es defender y correr; eso es lo positivo\u201d; no obstante, agreg\u00f3 que \u201cquedamos en deuda con lo que hicimos en el \u00faltimo per\u00edodo; nos falt\u00f3 concentraci\u00f3n para saber aprovechar los momentos, saber cu\u00e1ndo frenar la pelota, cuando correr y para quien jugar. Hoy Pastori estuvo muy bien y por momentos lo habilitamos y en otros pasajes no le dimos la bola\u201d.<\/p>\n<p style=\"text-align: justify;\">Respecto del nivel del certamen federativo en la edici\u00f3n 2017\/2018, \u2018Pirata\u2019 indic\u00f3: \u201cEsta Liga va a ser m\u00e1s dura que la anterior, hay varios equipos que se armaron muy bien y a diferencia del pasado torneo no hay un equipo que est\u00e1 un paso m\u00e1s arriba como era Olimpia. Por algo estamos en la cuarta fecha y ya no hay invictos. No va a haber ning\u00fan partido accesible\u201d.<\/p>\n<p style=\"text-align: justify;\">Por \u00faltimo, acerca de las expectativas del \u201cRojo\u201d en la competencia, Godoy expres\u00f3 que \u201cTalleres est\u00e1 para seguir mejorando. Vamos de a poco, con la caracter\u00edstica que tiene este equipo que es el trabajo y nuestra idea es ir de menor a mayor para llegar en las mejores condiciones a la etapa final de la Primera Fase y los playoffs\u201d.<\/p>\n","protected":false},"excerpt":{"rendered":"<p>El Club Talleres de Paran\u00e1 logr\u00f3 anoche su segunda victoria en la temporada en la Liga Provincial al batir 78 a 73 a ADEV de Villaguay en un duelo que se resolvi\u00f3 en los segundos finales. Al t\u00e9rmino del mismo, el escolta del CAT, Cristian Godoy, charl\u00f3 con Entre R\u00edos B\u00e1squet de lo que fue [&hellip;]<\/p>\n","protected":false},"author":5,"featured_media":3034,"comment_status":"closed","ping_status":"open","sticky":false,"template":"","format":"standard","meta":[],"categories":[17],"tags":[98,120],"_links":{"self":[{"href":"https:\/\/entreriosbasquet.com\/site\/wp-json\/wp\/v2\/posts\/3033"}],"collection":[{"href":"https:\/\/entreriosbasquet.com\/site\/wp-json\/wp\/v2\/posts"}],"about":[{"href":"https:\/\/entreriosbasquet.com\/site\/wp-json\/wp\/v2\/types\/post"}],"author":[{"embeddable":true,"href":"https:\/\/entreriosbasquet.com\/site\/wp-json\/wp\/v2\/users\/5"}],"replies":[{"embeddable":true,"href":"https:\/\/entreriosbasquet.com\/site\/wp-json\/wp\/v2\/comments?post=3033"}],"version-history":[{"count":1,"href":"https:\/\/entreriosbasquet.com\/site\/wp-json\/wp\/v2\/posts\/3033\/revisions"}],"predecessor-version":[{"id":3035,"href":"https:\/\/entreriosbasquet.com\/site\/wp-json\/wp\/v2\/posts\/3033\/revisions\/3035"}],"wp:featuredmedia":[{"embeddable":true,"href":"https:\/\/entreriosbasquet.com\/site\/wp-json\/wp\/v2\/media\/3034"}],"wp:attachment":[{"href":"https:\/\/entreriosbasquet.com\/site\/wp-json\/wp\/v2\/media?parent=3033"}],"wp:term":[{"taxonomy":"category","embeddable":true,"href":"https:\/\/entreriosbasquet.com\/site\/wp-json\/wp\/v2\/categories?post=3033"},{"taxonomy":"post_tag","embeddable":true,"href":"https:\/\/entreriosbasquet.com\/site\/wp-json\/wp\/v2\/tags?post=3033"}],"curies":[{"name":"wp","href":"https:\/\/api.w.org\/{rel}","templated":true}]}}