{"id":259,"date":"2017-04-25T14:31:29","date_gmt":"2017-04-25T17:31:29","guid":{"rendered":"http:\/\/entreriosbasquet.com\/site\/?p=259"},"modified":"2017-06-08T23:16:29","modified_gmt":"2017-06-09T02:16:29","slug":"se-viene-el-estreno-entrerriano-en-el-argentino-u17","status":"publish","type":"post","link":"https:\/\/entreriosbasquet.com\/site\/2017\/04\/25\/se-viene-el-estreno-entrerriano-en-el-argentino-u17\/","title":{"rendered":"Se viene el estreno entrerriano en el Argentino U17"},"content":{"rendered":"<p>El Seleccionado Provincial har\u00e1 su estreno este martes en el Campeonato Argentino U17 a realizarse, que se desarrollar\u00e1 en la Provincia de Santa Fe. El representativo \u201cpanza verde\u201d ser\u00e1 parte de la Zona C de la primera Fase en la ciudad de Totoras y los rivales ser\u00e1n Neuqu\u00e9n, Chubut y Chaco.<\/p>\n<p>Los dirigidos por el entrenador Marcelo Solanas concentraron durante la \u00faltima semana con 15 jugadores en la localidad de Chajar\u00ed y como parte de la puesta a punto disputaron dos encuentros amistosos contra equipos juveniles de Ferrocarril y Capuchinos, ambos de la ciudad de Concordia. Luego del segundo juego de preparaci\u00f3n, el cuerpo t\u00e9cnico defini\u00f3 el plantel para la competencia nacional.<\/p>\n<p>El plantel entrerriano est\u00e1 conformado por Laureano Legaria (Pueblo Nuevo, Gualeguaych\u00fa), Enzo Passadore (Ciclista, Paran\u00e1), Nicol\u00e1s Bros (Sportivo Pe\u00f1arol, Rosario del Tala), Guido Cabrera (La Uni\u00f3n de Col\u00f3n), Ger\u00f3nimo Rosso (Echag\u00fce, Paran\u00e1), Ramiro Rattero (Echag\u00fce, Paran\u00e1), Leandro Chorvat (Ciclista, Paran\u00e1), Tob\u00edas Scevola (Zaninetti, C. del Uruguay), Juan Cruz Scacchi (Echag\u00fce, Paran\u00e1), Ignacio Varisco (Echag\u00fce, Paran\u00e1), Agust\u00edn Silva (Capuchinos, Concordia), Santiago P\u00e9rez (Independiente, La Paz).<\/p>\n<p>En cuanto a la competici\u00f3n en s\u00ed, que promete ser de alt\u00edsimo nivel, participar\u00e1n 12 selecciones que estar\u00e1n distribuidas en tres zonas de cuatro equipos cada una. Los dos mejores de cada zona m\u00e1s los dos mejores terceros entre todas las zonas clasificar\u00e1n a la Fase Campeonato y competir\u00e1n por el t\u00edtulo. El restante tercero y los equipos ubicados en la cuarta posici\u00f3n de cada grupo continuar\u00e1n su participaci\u00f3n en la Fase Est\u00edmulo.<\/p>\n<p>El debut de los chicos entrerrianos frente a su similar de Chaco estaba pautado en principio para las 20.30 horas en Totoras; sin embargo, el salto inicial se retrasar\u00e1 dado que desde la organizaci\u00f3n se inform\u00f3 que 19.45 hs. se realizar\u00e1 el Acto de Apertura con el desfile de las 12 federaciones en Sport Club (Ca\u00f1ada de G\u00f3mez).<\/p>\n<p><strong><span style=\"color: #ff0000;\">LOS PARTIDOS DE ENTRE RIOS<\/span><\/strong><\/p>\n<p><strong>Martes 25 de abril<\/strong><\/p>\n<p>21.30 hs: Entre R\u00edos vs Chaco<\/p>\n<p><strong>Mi\u00e9rcoles 26 de abril<\/strong><\/p>\n<p>18.30 hs: Chubut vs Entre R\u00edos<\/p>\n<p><strong>Jueves 27 de abril<\/strong><\/p>\n<p>20.30 hs: Entre R\u00edos vs Neuqu\u00e9n<\/p>\n","protected":false},"excerpt":{"rendered":"<p>El Seleccionado Provincial har\u00e1 su estreno este martes en el Campeonato Argentino U17 a realizarse, que se desarrollar\u00e1 en la Provincia de Santa Fe. El representativo \u201cpanza verde\u201d ser\u00e1 parte de la Zona C de la primera Fase en la ciudad de Totoras y los rivales ser\u00e1n Neuqu\u00e9n, Chubut y Chaco. Los dirigidos por el [&hellip;]<\/p>\n","protected":false},"author":3,"featured_media":262,"comment_status":"open","ping_status":"open","sticky":false,"template":"","format":"standard","meta":[],"categories":[22,19],"tags":[],"_links":{"self":[{"href":"https:\/\/entreriosbasquet.com\/site\/wp-json\/wp\/v2\/posts\/259"}],"collection":[{"href":"https:\/\/entreriosbasquet.com\/site\/wp-json\/wp\/v2\/posts"}],"about":[{"href":"https:\/\/entreriosbasquet.com\/site\/wp-json\/wp\/v2\/types\/post"}],"author":[{"embeddable":true,"href":"https:\/\/entreriosbasquet.com\/site\/wp-json\/wp\/v2\/users\/3"}],"replies":[{"embeddable":true,"href":"https:\/\/entreriosbasquet.com\/site\/wp-json\/wp\/v2\/comments?post=259"}],"version-history":[{"count":1,"href":"https:\/\/entreriosbasquet.com\/site\/wp-json\/wp\/v2\/posts\/259\/revisions"}],"predecessor-version":[{"id":263,"href":"https:\/\/entreriosbasquet.com\/site\/wp-json\/wp\/v2\/posts\/259\/revisions\/263"}],"wp:featuredmedia":[{"embeddable":true,"href":"https:\/\/entreriosbasquet.com\/site\/wp-json\/wp\/v2\/media\/262"}],"wp:attachment":[{"href":"https:\/\/entreriosbasquet.com\/site\/wp-json\/wp\/v2\/media?parent=259"}],"wp:term":[{"taxonomy":"category","embeddable":true,"href":"https:\/\/entreriosbasquet.com\/site\/wp-json\/wp\/v2\/categories?post=259"},{"taxonomy":"post_tag","embeddable":true,"href":"https:\/\/entreriosbasquet.com\/site\/wp-json\/wp\/v2\/tags?post=259"}],"curies":[{"name":"wp","href":"https:\/\/api.w.org\/{rel}","templated":true}]}}