{"id":2107,"date":"2017-09-05T21:03:59","date_gmt":"2017-09-06T00:03:59","guid":{"rendered":"http:\/\/entreriosbasquet.com\/site\/?p=2107"},"modified":"2017-09-05T21:04:50","modified_gmt":"2017-09-06T00:04:50","slug":"se-viene-el-draft-de-la-jr-nba-en-parana","status":"publish","type":"post","link":"https:\/\/entreriosbasquet.com\/site\/2017\/09\/05\/se-viene-el-draft-de-la-jr-nba-en-parana\/","title":{"rendered":"Se viene el Draft de la \u201cJr. NBA\u201d en Paran\u00e1"},"content":{"rendered":"<p style=\"text-align: justify;\">El jueves 7 de septiembre se realizar\u00e1 el acto inaugural de la \u201cJr NBA\u201d en el estadio del Atl\u00e9tico Echag\u00fce Club a partir de las 10 de la ma\u00f1ana y contar\u00e1 con presencia de funcionarios provinciales, organizadores, dirigentes y participantes.<\/p>\n<p style=\"text-align: justify;\">La NBA dir\u00e1 presente en Paran\u00e1 a trav\u00e9s de su programa de desarrollo global de sus bases donde se ense\u00f1an valores esenciales del juego en un nivel basquetbol\u00edstico b\u00e1sico con el objetivo de ayudar a crecer y mejorar la experiencia de chicos entre 11 y 12 a\u00f1os de edad, entrenadores y padres de familia.<\/p>\n<p style=\"text-align: justify;\">La iniciativa llega a nuestro pa\u00eds a trav\u00e9s de un convenio entre la liga estadounidense y la Confederaci\u00f3n Argentina de B\u00e1squet (CABB). El gobierno entrerriano, de manera articulada con el Consejo General de Educaci\u00f3n (CGE), desarrollar\u00e1n la log\u00edstica y la competencia que tendr\u00e1 la participaci\u00f3n de 400 ni\u00f1os y ni\u00f1as de 30 escuelas est\u00e1teles y privadas.<\/p>\n<p style=\"text-align: justify;\">Paran\u00e1 est\u00e1 entre los n\u00facleos urbanos del pa\u00eds seleccionados para participar de este programa que busca sumar a las comunidades educativas a una serie de jornadas de formaci\u00f3n, juego y capacitaci\u00f3n. Las instituciones educativas tendr\u00e1n designado el nombre de un equipo de la NBA y se les entregar\u00e1 vestimenta que har\u00e1n alusi\u00f3n a esas franquicias.<\/p>\n<p style=\"text-align: justify;\">La competencia est\u00e1 direccionada a jugadores de ambos sexos no federados, con la intenci\u00f3n de estimular a los chicos de la pr\u00e1ctica deportiva.<\/p>\n<p style=\"text-align: justify;\">En cuanto a la estructura de juego, los elencos se dividir\u00e1 en cuatro zonas de cinco equipos en masculinos y dos zonas de cinco conjuntos en femeninos. Todos ellos se repartir\u00e1n en dos\u00a0conferencias, imitando la competencia profesional estadounidense.<\/p>\n<p style=\"text-align: justify;\"><strong>ESCUELAS PARTICIPANTES<\/strong><\/p>\n<p style=\"text-align: justify;\"><strong>EQUIPOS FEMENINOS<\/strong><\/p>\n<p style=\"text-align: justify;\">-Escuela Club Estudiantes<\/p>\n<p style=\"text-align: justify;\">-Escuela N\u00ba 206 Los Constituyentes<\/p>\n<p style=\"text-align: justify;\">-Escuela N\u00ba 161 Rep\u00fablica de Entre R\u00edos<\/p>\n<p style=\"text-align: justify;\">-Escuela N\u00ba 24 Maximio Victoria<\/p>\n<p style=\"text-align: justify;\">-Escuela Normal Jos\u00e9 Mar\u00eda Torres<\/p>\n<p style=\"text-align: justify;\">-Escuela N\u00ba 193 Pedro Giachino<\/p>\n<p style=\"text-align: justify;\">-Escuela N\u00ba 37 Manuel Belgrano<\/p>\n<p style=\"text-align: justify;\">-Escuela N\u00ba 197 H\u00e9roes de Malvinas<\/p>\n<p style=\"text-align: justify;\">-Escuela N\u00ba 216 Jes\u00fas Maestro y Se\u00f1or (Oro Verde)<\/p>\n<p style=\"text-align: justify;\">-Escuela N\u00b0 124 \u201cNtra. Sra. De La Esperanza\u201d<\/p>\n<p style=\"text-align: justify;\"><strong>EQUIPOS MASCULINO<\/strong><\/p>\n<p style=\"text-align: justify;\">-Escuela Club Estudiantes<\/p>\n<p style=\"text-align: justify;\">-Escuela N\u00ba 206 Los Constituyentes<\/p>\n<p style=\"text-align: justify;\">-Escuela N\u00ba 161 Rep\u00fablica de Entre R\u00edos<\/p>\n<p style=\"text-align: justify;\">-Colegio Hermanas Mercedarias<\/p>\n<p style=\"text-align: justify;\">-Escuela N\u00ba 37 Manuel Belgrano<\/p>\n<p style=\"text-align: justify;\">-Escuela N\u00ba 24 Maximio Victoria<\/p>\n<p style=\"text-align: justify;\">-Escuela Normal Jos\u00e9 Mar\u00eda Torres<\/p>\n<p style=\"text-align: justify;\">-Instituto Michelangelo<\/p>\n<p style=\"text-align: justify;\">-Escuela N\u00ba 22 Jorge Newbery<\/p>\n<p style=\"text-align: justify;\">-Escuela N\u00ba 193 Pedro Giachino<\/p>\n<p style=\"text-align: justify;\">-Escuela N\u00ba 197 H\u00e9roes de Malvinas<\/p>\n<p style=\"text-align: justify;\">-Escuela N\u00ba 1 Del Centenario<\/p>\n<p style=\"text-align: justify;\">-Escuela N\u00ba 6 Ernesto Bavio<\/p>\n<p style=\"text-align: justify;\">-Instituto Siglo XXI<\/p>\n<p style=\"text-align: justify;\">-Escuela N\u00ba 216 Jes\u00fas Maestro y Se\u00f1or (Oro Verde)<\/p>\n<p style=\"text-align: justify;\">-Escuela N\u00b0 190 \u201cObispo Gelabert y Crespo\u201d<\/p>\n<p style=\"text-align: justify;\">-Escuela N\u00b0 124 \u201cNtra. Sra. De La Esperanza\u201d<\/p>\n<p style=\"text-align: justify;\">-Instituto de Ense\u00f1anzas Edu-Pro<\/p>\n<p style=\"text-align: justify;\">-Escuela de Educaci\u00f3n T\u00e9cnica N\u201d 4 de Formaci\u00f3n<\/p>\n<p style=\"text-align: justify;\">-Escuela N\u00ba 1 Del Centenario (Equipo 2)<\/p>\n","protected":false},"excerpt":{"rendered":"<p>El jueves 7 de septiembre se realizar\u00e1 el acto inaugural de la \u201cJr NBA\u201d en el estadio del Atl\u00e9tico Echag\u00fce Club a partir de las 10 de la ma\u00f1ana y contar\u00e1 con presencia de funcionarios provinciales, organizadores, dirigentes y participantes. La NBA dir\u00e1 presente en Paran\u00e1 a trav\u00e9s de su programa de desarrollo global de [&hellip;]<\/p>\n","protected":false},"author":5,"featured_media":2108,"comment_status":"closed","ping_status":"open","sticky":false,"template":"","format":"standard","meta":[],"categories":[20],"tags":[44,269],"_links":{"self":[{"href":"https:\/\/entreriosbasquet.com\/site\/wp-json\/wp\/v2\/posts\/2107"}],"collection":[{"href":"https:\/\/entreriosbasquet.com\/site\/wp-json\/wp\/v2\/posts"}],"about":[{"href":"https:\/\/entreriosbasquet.com\/site\/wp-json\/wp\/v2\/types\/post"}],"author":[{"embeddable":true,"href":"https:\/\/entreriosbasquet.com\/site\/wp-json\/wp\/v2\/users\/5"}],"replies":[{"embeddable":true,"href":"https:\/\/entreriosbasquet.com\/site\/wp-json\/wp\/v2\/comments?post=2107"}],"version-history":[{"count":2,"href":"https:\/\/entreriosbasquet.com\/site\/wp-json\/wp\/v2\/posts\/2107\/revisions"}],"predecessor-version":[{"id":2110,"href":"https:\/\/entreriosbasquet.com\/site\/wp-json\/wp\/v2\/posts\/2107\/revisions\/2110"}],"wp:featuredmedia":[{"embeddable":true,"href":"https:\/\/entreriosbasquet.com\/site\/wp-json\/wp\/v2\/media\/2108"}],"wp:attachment":[{"href":"https:\/\/entreriosbasquet.com\/site\/wp-json\/wp\/v2\/media?parent=2107"}],"wp:term":[{"taxonomy":"category","embeddable":true,"href":"https:\/\/entreriosbasquet.com\/site\/wp-json\/wp\/v2\/categories?post=2107"},{"taxonomy":"post_tag","embeddable":true,"href":"https:\/\/entreriosbasquet.com\/site\/wp-json\/wp\/v2\/tags?post=2107"}],"curies":[{"name":"wp","href":"https:\/\/api.w.org\/{rel}","templated":true}]}}