{"id":2104,"date":"2017-09-04T22:56:57","date_gmt":"2017-09-05T01:56:57","guid":{"rendered":"http:\/\/entreriosbasquet.com\/site\/?p=2104"},"modified":"2017-09-04T22:56:57","modified_gmt":"2017-09-05T01:56:57","slug":"regatas-inicio-las-practicas-rumbo-al-federal","status":"publish","type":"post","link":"https:\/\/entreriosbasquet.com\/site\/2017\/09\/04\/regatas-inicio-las-practicas-rumbo-al-federal\/","title":{"rendered":"Regatas inici\u00f3 las pr\u00e1cticas rumbo al Federal"},"content":{"rendered":"<p style=\"text-align: justify;\">El Club Regatas Uruguay comenz\u00f3 con la pretemporada en el estadio Juan Jos\u00e9 Garro rumbo a una nueva participaci\u00f3n en el Torneo Federal de B\u00e1squet.<\/p>\n<p style=\"text-align: justify;\">El entrenador Santiago Rimoldi apost\u00f3 esta temporada por los ya conocidos Agust\u00edn Aguirre, Facundo Barreto y Rom\u00e1n Rodr\u00edguez; sumando a Sebasti\u00e1n Bernasconi, Rodrigo Acu\u00f1a, Santiago Giraudo, Jorge Banegas y Nicol\u00e1s Correnti para conformar el plantel para la pr\u00f3xima campa\u00f1a.<\/p>\n<p style=\"text-align: justify;\">Tambi\u00e9n ser\u00e1n de la partida, Alejandro Burgos (Asistente), Prof. Javier Mancione (Preparador F\u00edsico) y Pascual Pereyra (Utilero)<\/p>\n<p style=\"text-align: justify;\">Los jugadores del plantel se hicieron presentes en el club el domingo por la tarde cuando fueran citados por el DT. \u00a0Al t\u00e9rmino de la reuni\u00f3n fueron recibidos por socios y dirigentes, que les dieron la bienvenida a la instituci\u00f3n.<\/p>\n<p style=\"text-align: justify;\">La pr\u00e1ctica matutina fue exclusivamente f\u00edsica, bajo las \u00f3rdenes del Profesor Mancione la pretemporada. Por la noche, con Rimoldi, se limit\u00f3 la pr\u00e1ctica de la disciplina, contemplando el trabajo en equipo de cara a lo que vendr\u00e1 en la temporada 2017\/2018.<\/p>\n","protected":false},"excerpt":{"rendered":"<p>El Club Regatas Uruguay comenz\u00f3 con la pretemporada en el estadio Juan Jos\u00e9 Garro rumbo a una nueva participaci\u00f3n en el Torneo Federal de B\u00e1squet. El entrenador Santiago Rimoldi apost\u00f3 esta temporada por los ya conocidos Agust\u00edn Aguirre, Facundo Barreto y Rom\u00e1n Rodr\u00edguez; sumando a Sebasti\u00e1n Bernasconi, Rodrigo Acu\u00f1a, Santiago Giraudo, Jorge Banegas y Nicol\u00e1s [&hellip;]<\/p>\n","protected":false},"author":5,"featured_media":2105,"comment_status":"closed","ping_status":"open","sticky":false,"template":"","format":"standard","meta":[],"categories":[11],"tags":[53,101,29],"_links":{"self":[{"href":"https:\/\/entreriosbasquet.com\/site\/wp-json\/wp\/v2\/posts\/2104"}],"collection":[{"href":"https:\/\/entreriosbasquet.com\/site\/wp-json\/wp\/v2\/posts"}],"about":[{"href":"https:\/\/entreriosbasquet.com\/site\/wp-json\/wp\/v2\/types\/post"}],"author":[{"embeddable":true,"href":"https:\/\/entreriosbasquet.com\/site\/wp-json\/wp\/v2\/users\/5"}],"replies":[{"embeddable":true,"href":"https:\/\/entreriosbasquet.com\/site\/wp-json\/wp\/v2\/comments?post=2104"}],"version-history":[{"count":1,"href":"https:\/\/entreriosbasquet.com\/site\/wp-json\/wp\/v2\/posts\/2104\/revisions"}],"predecessor-version":[{"id":2106,"href":"https:\/\/entreriosbasquet.com\/site\/wp-json\/wp\/v2\/posts\/2104\/revisions\/2106"}],"wp:featuredmedia":[{"embeddable":true,"href":"https:\/\/entreriosbasquet.com\/site\/wp-json\/wp\/v2\/media\/2105"}],"wp:attachment":[{"href":"https:\/\/entreriosbasquet.com\/site\/wp-json\/wp\/v2\/media?parent=2104"}],"wp:term":[{"taxonomy":"category","embeddable":true,"href":"https:\/\/entreriosbasquet.com\/site\/wp-json\/wp\/v2\/categories?post=2104"},{"taxonomy":"post_tag","embeddable":true,"href":"https:\/\/entreriosbasquet.com\/site\/wp-json\/wp\/v2\/tags?post=2104"}],"curies":[{"name":"wp","href":"https:\/\/api.w.org\/{rel}","templated":true}]}}