{"id":2010,"date":"2017-08-31T22:35:58","date_gmt":"2017-09-01T01:35:58","guid":{"rendered":"http:\/\/entreriosbasquet.com\/site\/?p=2010"},"modified":"2017-08-31T22:35:58","modified_gmt":"2017-09-01T01:35:58","slug":"asi-sera-el-torneo-federal-para-los-entrerrianos","status":"publish","type":"post","link":"https:\/\/entreriosbasquet.com\/site\/2017\/08\/31\/asi-sera-el-torneo-federal-para-los-entrerrianos\/","title":{"rendered":"As\u00ed ser\u00e1 el Torneo Federal para los entrerrianos"},"content":{"rendered":"<p style=\"text-align: justify;\">La Confederaci\u00f3n Argentina de B\u00e1squet (CABB) confirm\u00f3 la conformaci\u00f3n de la Primera Fase del Torneo Federal que tendr\u00e1 la participaci\u00f3n de ocho representativos de la provincia de Entre R\u00edos, que jugar\u00e1n en la Zona Mesopotamia junto con los equipos correntinos.<\/p>\n<p style=\"text-align: justify;\">La tercera divisi\u00f3n del b\u00e1squet argentino arrancar\u00e1 el viernes 13 de octubre y habr\u00e1 15 clubes m\u00e1s que la temporada pasada. La Fase Regular tendr\u00e1 24 partidos. El receso festivo ser\u00e1 el 22 de diciembre y volver\u00e1 el 26 de enero. La primera fase terminar\u00e1 el 30 de marzo de 2018.<\/p>\n<p style=\"text-align: justify;\">Cinco provincias m\u00e1s se sumar\u00e1n este a\u00f1o a las que ya estaban participando, 17 en total. San Juan y Santiago del Estero, son algunas de las que vuelven a participar del Torneo Federal.<\/p>\n<p style=\"text-align: justify;\">Sebasti\u00e1n Uranga, Director Deportivo de la Confederaci\u00f3n Argentina de B\u00e1squet afirm\u00f3: \u201cHay gran entusiasmo en todo el pa\u00eds por este torneo. Se ha logrado todo con gran comuni\u00f3n con los clubes sintetizando las ideas de ellos en pos de tener el mejor torneo posible e ir mejorando a\u00f1o a a\u00f1o\u201d.<\/p>\n<p style=\"text-align: justify;\"><strong>CONFERENCIA NORTE<\/strong><\/p>\n<p><strong>DIVISION NOA<\/strong><\/p>\n<p>-Uni\u00f3n Or\u00e1n de Salta<br \/>\n-El Tribuno de Salta<br \/>\n-Juan Bautista Alberdi de Tucum\u00e1n<br \/>\n-Hind\u00fa Club de Catamarca<br \/>\n-Ciudadela B\u00e1squet de Tucum\u00e1n<br \/>\n-Tucum\u00e1n BB<br \/>\n-Nicol\u00e1s Avellaneda de Santiago del Estero<br \/>\n-Gorriti de Jujuy (A confirmar)<\/p>\n<p><strong>DIVISION CUYO<\/strong><\/p>\n<p>-Municipalidad de Jun\u00edn de Mendoza<br \/>\n-J\u00e1chal de San Juan<br \/>\n-Ferro Carril Oeste de General Pico (La Pampa)<br \/>\n-San Mart\u00edn de La Rioja<br \/>\n-Amancay de La Rioja<br \/>\n-Independiente de Oliva (C\u00f3rdoba)<br \/>\n-Sportivo 9 de Julio de R\u00edo Tercero (C\u00f3rdoba)<\/p>\n<p><strong>DIVISION MESOPOTAMIA<\/strong><\/p>\n<p>-Atl\u00e9tico Tala<br \/>\n-Pe\u00f1arol del Tala<br \/>\n-Ferro de Concordia<br \/>\n-Capuchinos de Concordia<br \/>\n-Olimpia de Paran\u00e1<br \/>\n-BH de Gualeguay<br \/>\n-Central Entrerriano de Gualeguaych\u00fa<br \/>\n-San Mart\u00edn de Curuz\u00fa Cuati\u00e1<br \/>\n-Uni\u00f3n de Goya<br \/>\n-Atl\u00e9tico Saladas<\/p>\n<p>-Regatas de Concepci\u00f3n del Uruguay<\/p>\n<p><strong>DIVISION SANTA FE<\/strong><\/p>\n<p>-Uni\u00f3n de Sunchales<br \/>\n-Sportivo Las Parejas<br \/>\n-Atalaya Club de Rosario<br \/>\n-Club Sportivo Suardi de Rosario<br \/>\n-Atl\u00e9tico Tostado<br \/>\n-Central Argentino Ol\u00edmpico de Ceres<br \/>\n-Hurac\u00e1n de San Javier<br \/>\n-Santa Paula de G\u00e1lvez<\/p>\n<p><strong>CONFERENCIA SUR<\/strong><\/p>\n<p><strong>DIVISION CAPITAL FEDERAL<\/strong><\/p>\n<p>-Club Atl\u00e9tico River Plate<br \/>\n-Racing Club de Avellaneda<br \/>\n-Club Atl\u00e9tico Lanus<br \/>\n-Pedro Echag\u00fce<br \/>\n-Caza y Pesca<br \/>\n-Estudiantil Porte\u00f1o<br \/>\n-Villa Mitre<br \/>\n-Hurac\u00e1n de San Justo<br \/>\n-Uni\u00f3n Vecinal de La Plata<br \/>\n-Estudiantes de La Plata<\/p>\n<p><strong>DIVISION BUENOS AIRES<\/strong><\/p>\n<p>-Argentino de Pergamino<br \/>\n-Z\u00e1rate B\u00e1sket Independiente<br \/>\n-Atl\u00e9tico Pilar<br \/>\n-Club Presidente Derqui<br \/>\n-Belgrano de San Nicol\u00e1s<br \/>\n-Sportivo Escobar<br \/>\n-Racing de Chivilcoy<br \/>\n-Uni\u00f3n de Mar del Plata<br \/>\n-Sarmiento de Jun\u00edn<\/p>\n<p><strong>DIVISION PATAGONIA<\/strong><\/p>\n<p>-Sol de Mayo de Viedma<br \/>\n-Jorge Newbery de Carmen de Patagones<br \/>\n-Club Atl\u00e9tico Cinco Saltos<br \/>\n-Club Cipoletti<br \/>\n-Villa Congreso de Viedma<br \/>\n-P\u00e9rfora de Plaza Huincul<br \/>\n-Independiente de Neuqu\u00e9n<br \/>\n-Ferrocarril Patag\u00f3nico (Puerto Madryn)<br \/>\n-Villa Mitre de Bah\u00eda Blanca<br \/>\n-All Boys de Santa Rosa<br \/>\n-Centro Espa\u00f1ol de Plottier (A confirmar)<\/p>\n","protected":false},"excerpt":{"rendered":"<p>La Confederaci\u00f3n Argentina de B\u00e1squet (CABB) confirm\u00f3 la conformaci\u00f3n de la Primera Fase del Torneo Federal que tendr\u00e1 la participaci\u00f3n de ocho representativos de la provincia de Entre R\u00edos, que jugar\u00e1n en la Zona Mesopotamia junto con los equipos correntinos. La tercera divisi\u00f3n del b\u00e1squet argentino arrancar\u00e1 el viernes 13 de octubre y habr\u00e1 15 [&hellip;]<\/p>\n","protected":false},"author":5,"featured_media":979,"comment_status":"closed","ping_status":"open","sticky":false,"template":"","format":"standard","meta":[],"categories":[16],"tags":[29],"_links":{"self":[{"href":"https:\/\/entreriosbasquet.com\/site\/wp-json\/wp\/v2\/posts\/2010"}],"collection":[{"href":"https:\/\/entreriosbasquet.com\/site\/wp-json\/wp\/v2\/posts"}],"about":[{"href":"https:\/\/entreriosbasquet.com\/site\/wp-json\/wp\/v2\/types\/post"}],"author":[{"embeddable":true,"href":"https:\/\/entreriosbasquet.com\/site\/wp-json\/wp\/v2\/users\/5"}],"replies":[{"embeddable":true,"href":"https:\/\/entreriosbasquet.com\/site\/wp-json\/wp\/v2\/comments?post=2010"}],"version-history":[{"count":1,"href":"https:\/\/entreriosbasquet.com\/site\/wp-json\/wp\/v2\/posts\/2010\/revisions"}],"predecessor-version":[{"id":2011,"href":"https:\/\/entreriosbasquet.com\/site\/wp-json\/wp\/v2\/posts\/2010\/revisions\/2011"}],"wp:featuredmedia":[{"embeddable":true,"href":"https:\/\/entreriosbasquet.com\/site\/wp-json\/wp\/v2\/media\/979"}],"wp:attachment":[{"href":"https:\/\/entreriosbasquet.com\/site\/wp-json\/wp\/v2\/media?parent=2010"}],"wp:term":[{"taxonomy":"category","embeddable":true,"href":"https:\/\/entreriosbasquet.com\/site\/wp-json\/wp\/v2\/categories?post=2010"},{"taxonomy":"post_tag","embeddable":true,"href":"https:\/\/entreriosbasquet.com\/site\/wp-json\/wp\/v2\/tags?post=2010"}],"curies":[{"name":"wp","href":"https:\/\/api.w.org\/{rel}","templated":true}]}}