{"id":1891,"date":"2017-08-20T23:15:04","date_gmt":"2017-08-21T02:15:04","guid":{"rendered":"http:\/\/entreriosbasquet.com\/site\/?p=1891"},"modified":"2017-08-20T23:15:42","modified_gmt":"2017-08-21T02:15:42","slug":"1891","status":"publish","type":"post","link":"https:\/\/entreriosbasquet.com\/site\/2017\/08\/20\/1891\/","title":{"rendered":"Ferro de Concordia empieza la pretemporada"},"content":{"rendered":"<p class=\"x_MsoNormal\" style=\"text-align: justify;\">Este lunes en el estadio Juan de Dios Obreg\u00f3n dar\u00e1 comienzo la pretemporada de Ferro, con vistas al inicio de la edici\u00f3n 2017\/18 del Torneo Federal de B\u00e1squet. Adem\u00e1s ya hay confirmados varios encuentros amistoso frentes a equipos del TFB y de la Liga Argentina.<\/p>\n<p class=\"x_MsoNormal\" style=\"text-align: justify;\"><span lang=\"ES-MX\">Junto a Ariel Blanc, DT del equipo, estar\u00e1n Mart\u00edn Segovia, asistente, Guillermo Barrios, preparador f\u00edsico, Jorge Brilla (h), utilero y los dirigentes para darle la bienvenida a los jugadores, de cara a la sexta participaci\u00f3n en forma consecutiva del expreso en la tercera categor\u00eda del b\u00e1squet argentino.<\/span><\/p>\n<p class=\"x_MsoNormal\" style=\"text-align: justify;\"><span lang=\"ES-MX\">David Oviedo, Lucas Villanueva y Federico Cabrera contin\u00faan de la campa\u00f1a anterior. A ellos se les suman Augusto Rossi, Marco Bosch, Alejandro Ivetich, Santiago Barreto y David Fric. Resta determinar cu\u00e1les ser\u00e1n las fichas U19, que ser\u00e1n jugadores de las intermedias del club.<\/span><\/p>\n<p class=\"x_MsoNormal\" style=\"text-align: justify;\"><span lang=\"ES-MX\">Con relaci\u00f3n a los amistosos, ya est\u00e1 confirmado un cuadrangular en nuestra ciudad el 23 y 24 de septiembre junto a Capuchinos, Parque Sur y Rocamora, ambos de Concepci\u00f3n del Uruguay. Luego Ferro le va a devolver la visita, con fecha a confirmar, a los dos equipos de la hist\u00f3rica.\u00a0<\/span><\/p>\n<p class=\"x_MsoNormal\" style=\"text-align: justify;\"><b><i><u><span lang=\"ES-MX\">\u00a0<\/span><\/u><\/i><\/b><\/p>\n<p class=\"x_MsoNormal\" style=\"text-align: justify;\"><b><i><u><span lang=\"ES-MX\">Plantel de Ferro de Concordia:<\/span><\/u><\/i><\/b><\/p>\n<p class=\"x_MsoNormal\" style=\"text-align: justify;\"><span lang=\"ES-MX\">David Oviedo (Base \u2013 31 a\u00f1os \u2013 1,80 mtrs.)<\/span><\/p>\n<p class=\"x_MsoNormal\" style=\"text-align: justify;\"><span lang=\"ES-MX\">Alejandro Ivetich (Escolta \u2013 27 a\u00f1os \u2013 1,80 mtrs.)<\/span><\/p>\n<p class=\"x_MsoNormal\" style=\"text-align: justify;\"><span lang=\"ES-MX\">Augusto Rossi (Escolta \u2013 31 a\u00f1os \u2013 1,91 mtrs.)<\/span><\/p>\n<p class=\"x_MsoNormal\" style=\"text-align: justify;\"><span lang=\"ES-MX\">Marco Bosch (Alero \u2013 23 a\u00f1os \u2013 1,95 mtrs.)<\/span><\/p>\n<p class=\"x_MsoNormal\" style=\"text-align: justify;\"><span lang=\"ES-MX\">Lucas Villanueva (Ala p\u00edvot \u2013 24 a\u00f1os \u2013 1,96 mtrs.)<\/span><\/p>\n<p class=\"x_MsoNormal\" style=\"text-align: justify;\"><span lang=\"ES-MX\">Santiago Barreto (U22) (Ala p\u00edvot &#8211; 21 a\u00f1os &#8211; 1,96 mtrs.)<\/span><\/p>\n<p class=\"x_MsoNormal\" style=\"text-align: justify;\"><span lang=\"ES-MX\">David Fric (P\u00edvot \u2013 29 a\u00f1os \u2013 2,02 mtrs.)<\/span><\/p>\n<p class=\"x_MsoNormal\" style=\"text-align: justify;\"><span lang=\"ES-MX\">Federico Cabrera (P\u00edvot \u2013 33 a\u00f1os \u2013 1,98 mtrs.)<\/span><\/p>\n<p class=\"x_MsoNormal\" style=\"text-align: justify;\"><span lang=\"ES-MX\">Director T\u00e9cnico: Ariel Blanc<\/span><\/p>\n<p class=\"x_MsoNormal\" style=\"text-align: justify;\"><span lang=\"ES-MX\">Asistente: Mart\u00edn Segovia<\/span><\/p>\n<p class=\"x_MsoNormal\" style=\"text-align: justify;\"><span lang=\"ES-MX\">Estad\u00edsticas: Francisco Silvestrini<\/span><\/p>\n<p class=\"x_MsoNormal\" style=\"text-align: justify;\">Preparador F\u00edsico: Guillermo Barrios<\/p>\n<p class=\"x_MsoNormal\" style=\"text-align: justify;\"><span lang=\"ES-MX\">Utilero: Jorge Brilla (h)<\/span><\/p>\n","protected":false},"excerpt":{"rendered":"<p>Este lunes en el estadio Juan de Dios Obreg\u00f3n dar\u00e1 comienzo la pretemporada de Ferro, con vistas al inicio de la edici\u00f3n 2017\/18 del Torneo Federal de B\u00e1squet. Adem\u00e1s ya hay confirmados varios encuentros amistoso frentes a equipos del TFB y de la Liga Argentina. Junto a Ariel Blanc, DT del equipo, estar\u00e1n Mart\u00edn Segovia, [&hellip;]<\/p>\n","protected":false},"author":5,"featured_media":1892,"comment_status":"closed","ping_status":"open","sticky":false,"template":"","format":"standard","meta":[],"categories":[16],"tags":[205,40,29],"_links":{"self":[{"href":"https:\/\/entreriosbasquet.com\/site\/wp-json\/wp\/v2\/posts\/1891"}],"collection":[{"href":"https:\/\/entreriosbasquet.com\/site\/wp-json\/wp\/v2\/posts"}],"about":[{"href":"https:\/\/entreriosbasquet.com\/site\/wp-json\/wp\/v2\/types\/post"}],"author":[{"embeddable":true,"href":"https:\/\/entreriosbasquet.com\/site\/wp-json\/wp\/v2\/users\/5"}],"replies":[{"embeddable":true,"href":"https:\/\/entreriosbasquet.com\/site\/wp-json\/wp\/v2\/comments?post=1891"}],"version-history":[{"count":3,"href":"https:\/\/entreriosbasquet.com\/site\/wp-json\/wp\/v2\/posts\/1891\/revisions"}],"predecessor-version":[{"id":1895,"href":"https:\/\/entreriosbasquet.com\/site\/wp-json\/wp\/v2\/posts\/1891\/revisions\/1895"}],"wp:featuredmedia":[{"embeddable":true,"href":"https:\/\/entreriosbasquet.com\/site\/wp-json\/wp\/v2\/media\/1892"}],"wp:attachment":[{"href":"https:\/\/entreriosbasquet.com\/site\/wp-json\/wp\/v2\/media?parent=1891"}],"wp:term":[{"taxonomy":"category","embeddable":true,"href":"https:\/\/entreriosbasquet.com\/site\/wp-json\/wp\/v2\/categories?post=1891"},{"taxonomy":"post_tag","embeddable":true,"href":"https:\/\/entreriosbasquet.com\/site\/wp-json\/wp\/v2\/tags?post=1891"}],"curies":[{"name":"wp","href":"https:\/\/api.w.org\/{rel}","templated":true}]}}