{"id":1882,"date":"2017-08-19T00:54:30","date_gmt":"2017-08-19T03:54:30","guid":{"rendered":"http:\/\/entreriosbasquet.com\/site\/?p=1882"},"modified":"2017-08-19T00:54:30","modified_gmt":"2017-08-19T03:54:30","slug":"ferro-esta-practicamente-armado-para-la-liga-provincial","status":"publish","type":"post","link":"https:\/\/entreriosbasquet.com\/site\/2017\/08\/19\/ferro-esta-practicamente-armado-para-la-liga-provincial\/","title":{"rendered":"Ferro est\u00e1 pr\u00e1cticamente armado para la Liga Provincial"},"content":{"rendered":"<p style=\"text-align: justify;\">El Deportico Ferrocarril de San Salvador empez\u00f3 a moverse de cara a la Liga Provincial de B\u00e1squet que tiene fecha de inicio el 4 de noviembre. En ese sentido comenz\u00f3 con el armado del plantel, que tuvo como primera confirmaci\u00f3n la continuidad de Azul Rom\u00e1n en la direcci\u00f3n t\u00e9cnica.<\/p>\n<p style=\"text-align: justify;\">En ese sentido, <strong>Milton Corval\u00e1n<\/strong> fue el primer confirmado en el \u201cVerde\u201d. El santiague\u00f1o oriundo de Villa Atamisqui viene de jugar el Campeonato de Clubes de NOA para Belgrano BBC con buenos n\u00fameros seg\u00fan marcan las cr\u00f3nicas de sus partidos. Es un ala pivot que se destaca principalmente por su juego en ofensiva.<\/p>\n<p style=\"text-align: justify;\">Del mismo modo, se produjo la llegada de <strong>Mat\u00edas Santucho<\/strong>. El pivot santiague\u00f1o de gran porte f\u00edsico viene de jugar en Municipalidad de San Carlos de una liga cuyana. Registra paso por la vieja Liga Nacional B para Salta Basket enfrentando en m\u00e1s de una oportunidad a Sportivo San Salvador.<\/p>\n<p style=\"text-align: justify;\">Por otra parte, <strong>Pablo Jacquet <\/strong>y<strong> Nasif F\u00e9lix<\/strong> son dos de los regresos que se producen en el Deportivo Ferrocarril de cara a la Liga Provincial. Despu\u00e9s de un buen paso por Uni\u00f3n de Sunchales, Jacquet vuelve para ponerse a las \u00f3rdenes de Azul Rom\u00e1n y ser una herramienta m\u00e1s para alternar en las posiciones de 3 o 4. Por su parte, \u00abNacho\u00bb F\u00e9lix, aparece como una muy buena carta para pelear la posici\u00f3n de 4 junto con Corval\u00e1n. En 2015 fue la \u00faltima temporada con el equipo de la v\u00eda.<\/p>\n<p style=\"text-align: justify;\">Adem\u00e1s, dentro de las fichas mayores, se marca la continuidad de C<strong>ristian Gerard, Francisco Menescardi, Alexis Joannas <\/strong>y<strong> Gerardo Dellamora<\/strong>. Por otro lado, m\u00e1s all\u00e1 de que Tom\u00e1s Cuelho este afrontando el Interasociativo con Ferro, es un hecho que la liga la jugar\u00e1 defendiendo los colores de La Armon\u00eda de Col\u00f3n.<\/p>\n","protected":false},"excerpt":{"rendered":"<p>El Deportico Ferrocarril de San Salvador empez\u00f3 a moverse de cara a la Liga Provincial de B\u00e1squet que tiene fecha de inicio el 4 de noviembre. En ese sentido comenz\u00f3 con el armado del plantel, que tuvo como primera confirmaci\u00f3n la continuidad de Azul Rom\u00e1n en la direcci\u00f3n t\u00e9cnica. En ese sentido, Milton Corval\u00e1n fue [&hellip;]<\/p>\n","protected":false},"author":5,"featured_media":1883,"comment_status":"closed","ping_status":"open","sticky":false,"template":"","format":"standard","meta":[],"categories":[17],"tags":[243,242,37],"_links":{"self":[{"href":"https:\/\/entreriosbasquet.com\/site\/wp-json\/wp\/v2\/posts\/1882"}],"collection":[{"href":"https:\/\/entreriosbasquet.com\/site\/wp-json\/wp\/v2\/posts"}],"about":[{"href":"https:\/\/entreriosbasquet.com\/site\/wp-json\/wp\/v2\/types\/post"}],"author":[{"embeddable":true,"href":"https:\/\/entreriosbasquet.com\/site\/wp-json\/wp\/v2\/users\/5"}],"replies":[{"embeddable":true,"href":"https:\/\/entreriosbasquet.com\/site\/wp-json\/wp\/v2\/comments?post=1882"}],"version-history":[{"count":1,"href":"https:\/\/entreriosbasquet.com\/site\/wp-json\/wp\/v2\/posts\/1882\/revisions"}],"predecessor-version":[{"id":1884,"href":"https:\/\/entreriosbasquet.com\/site\/wp-json\/wp\/v2\/posts\/1882\/revisions\/1884"}],"wp:featuredmedia":[{"embeddable":true,"href":"https:\/\/entreriosbasquet.com\/site\/wp-json\/wp\/v2\/media\/1883"}],"wp:attachment":[{"href":"https:\/\/entreriosbasquet.com\/site\/wp-json\/wp\/v2\/media?parent=1882"}],"wp:term":[{"taxonomy":"category","embeddable":true,"href":"https:\/\/entreriosbasquet.com\/site\/wp-json\/wp\/v2\/categories?post=1882"},{"taxonomy":"post_tag","embeddable":true,"href":"https:\/\/entreriosbasquet.com\/site\/wp-json\/wp\/v2\/tags?post=1882"}],"curies":[{"name":"wp","href":"https:\/\/api.w.org\/{rel}","templated":true}]}}