{"id":1869,"date":"2017-08-18T00:30:13","date_gmt":"2017-08-18T03:30:13","guid":{"rendered":"http:\/\/entreriosbasquet.com\/site\/?p=1869"},"modified":"2017-08-18T00:30:13","modified_gmt":"2017-08-18T03:30:13","slug":"capuchinos-incorporo-a-pablo-woloszyn","status":"publish","type":"post","link":"https:\/\/entreriosbasquet.com\/site\/2017\/08\/18\/capuchinos-incorporo-a-pablo-woloszyn\/","title":{"rendered":"Capuchinos incorpor\u00f3 a Pablo Woloszyn"},"content":{"rendered":"<p>En las \u00faltimas horas, la dirigencia del Centro Ex Alumnos Capuchinos confirm\u00f3 una nueva ficha mayor para el plantel que afrontar\u00e1 el pr\u00f3ximo Torneo Federal de B\u00e1squetbol. Se trata del pivot Pablo Woloszyn que viene de jugar las \u00faltimas dos temporadas en Social y Deportivo San Jos\u00e9.<\/p>\n<p>Woloszyn naci\u00f3 el 12 de marzo de 1991 en Ober\u00e1, Misiones, tiene 26 a\u00f1os y mide 2,03 metros. El interno viene de disputar la Liguilla Entrerriana de Mayores en Social y Deportivo San Jos\u00e9. Anteriormente jug\u00f3 un Argentino de Clubes con Tirica de Eldorado y cuatro a\u00f1os en Tokio de Posadas desempe\u00f1\u00e1ndose en el Torneo Federal.<\/p>\n<p>El jugador misionero hizo divisiones inferiores en Uni\u00f3n de Sunchales y Ober\u00e1 Tenis Club. El pivot es la \u00faltima ficha mayor confirmada en el equipo que dirigir\u00e1 por segundo a\u00f1o consecutivo Fabricio Go\u00f1e.<\/p>\n<p>El entrenador adem\u00e1s dispuso que Agust\u00edn Silva, Gabriel Bargas y Tom\u00e1s Fassi sean los juveniles que formen parte del plantel de TFB. En las pr\u00f3ximas semanas se evaluar\u00e1 que otros chicos de las formativas del club integren el equipo de primera en la tercera categor\u00eda del b\u00e1squet nacional.<\/p>\n<p><b><u>Plantel del Centro Ex Alumnos Capuchinos<\/u><\/b><\/p>\n<p>Bases: Andr\u00e9s Boni, Facundo Ortiz y Agust\u00edn Silva (J)<\/p>\n<p>Escoltas: Emanuel L\u00f3pez Cerd\u00e1n y Luciano Silva (U22)<\/p>\n<p>Aleros: Fernando Malara y Gabriel Bargas (J)<\/p>\n<p>Ala Pivot: Ariel Hillebrand<\/p>\n<p>Pivots: Alejandro Alloco, Pablo Woloszyn, Tom\u00e1s Fassi (J)<\/p>\n","protected":false},"excerpt":{"rendered":"<p>En las \u00faltimas horas, la dirigencia del Centro Ex Alumnos Capuchinos confirm\u00f3 una nueva ficha mayor para el plantel que afrontar\u00e1 el pr\u00f3ximo Torneo Federal de B\u00e1squetbol. Se trata del pivot Pablo Woloszyn que viene de jugar las \u00faltimas dos temporadas en Social y Deportivo San Jos\u00e9. Woloszyn naci\u00f3 el 12 de marzo de 1991 [&hellip;]<\/p>\n","protected":false},"author":5,"featured_media":1870,"comment_status":"closed","ping_status":"open","sticky":false,"template":"","format":"standard","meta":[],"categories":[16],"tags":[191,237,29],"_links":{"self":[{"href":"https:\/\/entreriosbasquet.com\/site\/wp-json\/wp\/v2\/posts\/1869"}],"collection":[{"href":"https:\/\/entreriosbasquet.com\/site\/wp-json\/wp\/v2\/posts"}],"about":[{"href":"https:\/\/entreriosbasquet.com\/site\/wp-json\/wp\/v2\/types\/post"}],"author":[{"embeddable":true,"href":"https:\/\/entreriosbasquet.com\/site\/wp-json\/wp\/v2\/users\/5"}],"replies":[{"embeddable":true,"href":"https:\/\/entreriosbasquet.com\/site\/wp-json\/wp\/v2\/comments?post=1869"}],"version-history":[{"count":1,"href":"https:\/\/entreriosbasquet.com\/site\/wp-json\/wp\/v2\/posts\/1869\/revisions"}],"predecessor-version":[{"id":1871,"href":"https:\/\/entreriosbasquet.com\/site\/wp-json\/wp\/v2\/posts\/1869\/revisions\/1871"}],"wp:featuredmedia":[{"embeddable":true,"href":"https:\/\/entreriosbasquet.com\/site\/wp-json\/wp\/v2\/media\/1870"}],"wp:attachment":[{"href":"https:\/\/entreriosbasquet.com\/site\/wp-json\/wp\/v2\/media?parent=1869"}],"wp:term":[{"taxonomy":"category","embeddable":true,"href":"https:\/\/entreriosbasquet.com\/site\/wp-json\/wp\/v2\/categories?post=1869"},{"taxonomy":"post_tag","embeddable":true,"href":"https:\/\/entreriosbasquet.com\/site\/wp-json\/wp\/v2\/tags?post=1869"}],"curies":[{"name":"wp","href":"https:\/\/api.w.org\/{rel}","templated":true}]}}