{"id":1851,"date":"2017-08-17T01:08:22","date_gmt":"2017-08-17T04:08:22","guid":{"rendered":"http:\/\/entreriosbasquet.com\/site\/?p=1851"},"modified":"2017-08-17T01:08:22","modified_gmt":"2017-08-17T04:08:22","slug":"todo-preparado-para-el-inicio-de-la-liga-nacional-u19-en-parana","status":"publish","type":"post","link":"https:\/\/entreriosbasquet.com\/site\/2017\/08\/17\/todo-preparado-para-el-inicio-de-la-liga-nacional-u19-en-parana\/","title":{"rendered":"Todo preparado para el inicio de la Liga Nacional U19 en Paran\u00e1"},"content":{"rendered":"<p style=\"text-align: justify;\">Entre el viernes 18 y el domingo 20 de agosto se desarrollar\u00e1 en la ciudad de Paran\u00e1 el cuadrangular eliminatorio por los Cuartos de Final de la Liga Nacional de B\u00e1squet de la categor\u00eda U19 con la participaci\u00f3n del local Ciclista, Zaninetti de Concepci\u00f3n del Uruguay, Regatas Corrientes y San Mart\u00edn de Corrientes.<\/p>\n<p style=\"text-align: justify;\">Al igual que lo sucedido por los juveniles de Ciclista hace m\u00e1s de 25 a\u00f1os y por lo logrado por la U15 hace tres, nuevamente los chicos de calle Santiago del Estero vuelven a codearse con lo m\u00e1s granado del pa\u00eds y graban sus nombres en las p\u00e1ginas imborrables de la entidad. El actual campe\u00f3n de Paran\u00e1 y subcampe\u00f3n entrerriano querr\u00e1 seguir en carrera en la competencia nacional.<\/p>\n<p style=\"text-align: justify;\">El presidente del CCP, Daniel Camiolo, indic\u00f3 acerca del cuadrangular que \u201ctomamos esta decisi\u00f3n de organizar este mini torneo clasificatorio a semifinal. Queremos que la historia del Club guarde este momento en el que tuvimos a la Liga Nacional en nuestra cancha, pero tambi\u00e9n queremos reafirmar que Paran\u00e1 merece este cuadrangular y va a enaltecer la jerarqu\u00eda del mismo\u201d.<\/p>\n<p style=\"text-align: justify;\">\u201cQueremos- que todo el ambiente deportivo de la ciudad y de la provincia apoye esta organizaci\u00f3n y acompa\u00f1e. Los ojos del b\u00e1squet del pa\u00eds sabr\u00e1n por esos d\u00edas que en Paran\u00e1 se est\u00e1 desarrollando esta instancia y estar\u00e1n atentos a ver sus resultados, porque de aqu\u00ed, seguramente saldr\u00e1n algunos de los animadores de las finales nacionales. Esperemos estar a la altura de las circunstancias\u201d, concluy\u00f3.<\/p>\n<p style=\"text-align: justify;\">Por su parte, aun fresco el recuerdo por la obtenci\u00f3n de la Liga Provincial, Zaninetti no tuvo demasiado tiempo para el festejo, la instancia nacional finalmente lleg\u00f3 y la hora de competir es este fin de semana en Paran\u00e1.<\/p>\n<p style=\"text-align: justify;\">Los comandados por Javier Azcurrain arriban de manera \u00f3ptima a esta instancia; recientes campeones provinciales de la categor\u00eda y adem\u00e1s de contar entre sus filas con tres integrantes del plantel entrerriano que el pasado fin de semana obtuvo el tercer puesto en el 51\u00b0 Torneo Argentino de Selecciones U19, hablamos de Juan Boffelli, Saverio Diaz y Gervasio Guelache.<\/p>\n<p style=\"text-align: justify;\">Conformado el cuadrangular y conocidos los rivales, Zaninetti sabe que esta instancia no otorga margen para el error. Ciclista de Paran\u00e1 es m\u00e1s que conocido por los amarillos, ya que se enfrentaron en reiteradas oportunidades y sobre todo recordando el \u00faltimo partido disputado en el \u201cCilindro Amarillo\u201d; cotejo memorable y no apto para cardiacos que gan\u00f3 Zaninetti permiti\u00e9ndole salir campe\u00f3n provincial.<\/p>\n","protected":false},"excerpt":{"rendered":"<p>Entre el viernes 18 y el domingo 20 de agosto se desarrollar\u00e1 en la ciudad de Paran\u00e1 el cuadrangular eliminatorio por los Cuartos de Final de la Liga Nacional de B\u00e1squet de la categor\u00eda U19 con la participaci\u00f3n del local Ciclista, Zaninetti de Concepci\u00f3n del Uruguay, Regatas Corrientes y San Mart\u00edn de Corrientes. Al igual [&hellip;]<\/p>\n","protected":false},"author":5,"featured_media":1852,"comment_status":"closed","ping_status":"open","sticky":false,"template":"","format":"standard","meta":[],"categories":[19],"tags":[140,235,50],"_links":{"self":[{"href":"https:\/\/entreriosbasquet.com\/site\/wp-json\/wp\/v2\/posts\/1851"}],"collection":[{"href":"https:\/\/entreriosbasquet.com\/site\/wp-json\/wp\/v2\/posts"}],"about":[{"href":"https:\/\/entreriosbasquet.com\/site\/wp-json\/wp\/v2\/types\/post"}],"author":[{"embeddable":true,"href":"https:\/\/entreriosbasquet.com\/site\/wp-json\/wp\/v2\/users\/5"}],"replies":[{"embeddable":true,"href":"https:\/\/entreriosbasquet.com\/site\/wp-json\/wp\/v2\/comments?post=1851"}],"version-history":[{"count":1,"href":"https:\/\/entreriosbasquet.com\/site\/wp-json\/wp\/v2\/posts\/1851\/revisions"}],"predecessor-version":[{"id":1853,"href":"https:\/\/entreriosbasquet.com\/site\/wp-json\/wp\/v2\/posts\/1851\/revisions\/1853"}],"wp:featuredmedia":[{"embeddable":true,"href":"https:\/\/entreriosbasquet.com\/site\/wp-json\/wp\/v2\/media\/1852"}],"wp:attachment":[{"href":"https:\/\/entreriosbasquet.com\/site\/wp-json\/wp\/v2\/media?parent=1851"}],"wp:term":[{"taxonomy":"category","embeddable":true,"href":"https:\/\/entreriosbasquet.com\/site\/wp-json\/wp\/v2\/categories?post=1851"},{"taxonomy":"post_tag","embeddable":true,"href":"https:\/\/entreriosbasquet.com\/site\/wp-json\/wp\/v2\/tags?post=1851"}],"curies":[{"name":"wp","href":"https:\/\/api.w.org\/{rel}","templated":true}]}}