{"id":18399,"date":"2026-02-16T05:38:44","date_gmt":"2026-02-16T08:38:44","guid":{"rendered":"https:\/\/entreriosbasquet.com\/site\/?p=18399"},"modified":"2026-04-24T10:17:31","modified_gmt":"2026-04-24T13:17:31","slug":"marin-es-un-placer-enorme-representar-al-pais","status":"publish","type":"post","link":"https:\/\/entreriosbasquet.com\/site\/2026\/02\/16\/marin-es-un-placer-enorme-representar-al-pais\/","title":{"rendered":"Mar\u00edn: \u201cEs un placer enorme representar al pa\u00eds\u201d"},"content":{"rendered":"<p>La entrerriana Agustina Mar\u00edn fue preseleccionada para integrar la selecci\u00f3n argentina de b\u00e1squet femenino Mayor. La lista de 24 jugadoras que sue\u00f1an con el Mundial de Alemania incluye su nombre, y con \u00e9l, la esperanza de una ciudad que vibra con cada paso de su carrera. \u201cEstoy contenta por la convocatoria y siento que es un premio al esfuerzo de todos los d\u00edas de intentar ser un poquito mejor en mi profesi\u00f3n\u201d, expres\u00f3.<\/p>\n<p>A lo que agreg\u00f3 en declaraciones a\u00a0<em>El Argentino<\/em>: \u201cSiempre pensar en tener la camiseta de la selecci\u00f3n nacional es un sue\u00f1o para el jugador de cualquier deporte y as\u00ed tambi\u00e9n lo vivo. Es un placer enorme representar al pa\u00eds y cada vez que existe la m\u00ednima posibilidad, para m\u00ed es un orgullo\u201d.<\/p>\n<p>El camino hacia el clasificatorio no da tregua: pocos d\u00edas de entrenamiento en Madrid antes de viajar a Turqu\u00eda. Sin embargo, Mar\u00edn conf\u00eda en su disciplina cotidiana. \u201cEl tiempo de preparaci\u00f3n es corto, pero en mi caso a\u00fan estoy en competencia, as\u00ed que es centrarme en el d\u00eda a d\u00eda, entrenando, descansando, aliment\u00e1ndome como corresponde; por ende, estando a disposici\u00f3n y preparada\u201d, se\u00f1al\u00f3.<\/p>\n<p>Su aporte al equipo se apoya en la intensidad defensiva y la velocidad. \u201cMi juego m\u00e1s fuerte es dentro de lo defensivo y los ataques y goles r\u00e1pidos. As\u00ed que b\u00e1sicamente es pulir eso constantemente\u201d, afirm\u00f3.<\/p>\n<p>El reconocimiento de Gualeguaych\u00fa y de Entre R\u00edos es un motor emocional que acompa\u00f1a cada paso de su carrera. \u201cEstoy feliz por el reconocimiento que hay en la ciudad con respecto al b\u00e1squet y al deporte en general. Siempre es lindo representar a Gualeguaych\u00fa y lo hago con el mayor de mis orgullos\u201d, expres\u00f3 con emoci\u00f3n.<\/p>\n<p>El Mundial de B\u00e1squet Femenino 2026 se jugar\u00e1 en Berl\u00edn, Alemania, del 4 al 13 de septiembre de 2026. Ser\u00e1 la vig\u00e9sima edici\u00f3n del torneo, organizado por la FIBA junto con la Federaci\u00f3n Alemana de B\u00e1squet. Participar\u00e1n 16 selecciones nacionales de cinco confederaciones continentales. La convocatoria de Agustina Mar\u00edn a la preselecci\u00f3n argentina es un reconocimiento a a\u00f1os de dedicaci\u00f3n y un ejemplo para las nuevas generaciones de Gualeguaych\u00fa.<\/p>\n","protected":false},"excerpt":{"rendered":"<p>La entrerriana Agustina Mar\u00edn fue preseleccionada para integrar la selecci\u00f3n argentina de b\u00e1squet femenino Mayor. La lista de 24 jugadoras que sue\u00f1an con el Mundial de Alemania incluye su nombre, y con \u00e9l, la esperanza de una ciudad que vibra con cada paso de su carrera. \u201cEstoy contenta por la convocatoria y siento que es [&hellip;]<\/p>\n","protected":false},"author":1,"featured_media":18400,"comment_status":"closed","ping_status":"open","sticky":false,"template":"","format":"standard","meta":[],"categories":[21],"tags":[],"_links":{"self":[{"href":"https:\/\/entreriosbasquet.com\/site\/wp-json\/wp\/v2\/posts\/18399"}],"collection":[{"href":"https:\/\/entreriosbasquet.com\/site\/wp-json\/wp\/v2\/posts"}],"about":[{"href":"https:\/\/entreriosbasquet.com\/site\/wp-json\/wp\/v2\/types\/post"}],"author":[{"embeddable":true,"href":"https:\/\/entreriosbasquet.com\/site\/wp-json\/wp\/v2\/users\/1"}],"replies":[{"embeddable":true,"href":"https:\/\/entreriosbasquet.com\/site\/wp-json\/wp\/v2\/comments?post=18399"}],"version-history":[{"count":1,"href":"https:\/\/entreriosbasquet.com\/site\/wp-json\/wp\/v2\/posts\/18399\/revisions"}],"predecessor-version":[{"id":18401,"href":"https:\/\/entreriosbasquet.com\/site\/wp-json\/wp\/v2\/posts\/18399\/revisions\/18401"}],"wp:featuredmedia":[{"embeddable":true,"href":"https:\/\/entreriosbasquet.com\/site\/wp-json\/wp\/v2\/media\/18400"}],"wp:attachment":[{"href":"https:\/\/entreriosbasquet.com\/site\/wp-json\/wp\/v2\/media?parent=18399"}],"wp:term":[{"taxonomy":"category","embeddable":true,"href":"https:\/\/entreriosbasquet.com\/site\/wp-json\/wp\/v2\/categories?post=18399"},{"taxonomy":"post_tag","embeddable":true,"href":"https:\/\/entreriosbasquet.com\/site\/wp-json\/wp\/v2\/tags?post=18399"}],"curies":[{"name":"wp","href":"https:\/\/api.w.org\/{rel}","templated":true}]}}