{"id":18106,"date":"2025-11-19T10:15:35","date_gmt":"2025-11-19T13:15:35","guid":{"rendered":"https:\/\/entreriosbasquet.com\/site\/?p=18106"},"modified":"2025-12-12T16:01:06","modified_gmt":"2025-12-12T19:01:06","slug":"losada-nos-preparamos-para-estar-a-la-altura","status":"publish","type":"post","link":"https:\/\/entreriosbasquet.com\/site\/2025\/11\/19\/losada-nos-preparamos-para-estar-a-la-altura\/","title":{"rendered":"Losada: \u00abNos preparamos para estar a la altura\u00bb"},"content":{"rendered":"<div class=\"col-12 entradilla\">\n<p><strong>Tras la reprogramaci\u00f3n del juego frente a La Uni\u00f3n de Col\u00f3n, Tom\u00e1s de Rocamora volver\u00e1 a ser local y enfrentar\u00e1 este mi\u00e9rcoles a Central Entrerriano de Gualeguaych\u00fa a partir de las 21. Ser\u00e1n \u00e1rbitros Jos\u00e9 Dom\u00ednguez y Mat\u00edas Sotelo mientras que Walter Milocco estar\u00e1 como Comisionado T\u00e9cnico. La palabra de Tom\u00e1s Losada.<\/strong><\/p>\n<\/div>\n<p>&nbsp;<\/p>\n<div class=\"col-12 parrafos-noticia\">\n<p>Por razones de fuerza mayor Rocamora no visit\u00f3 el lunes a La Uni\u00f3n, cuyo juego se reprogram\u00f3 para el domingo 14 de diciembre, y ahora toca enfrentar a este Central Entrerriano que llega con los pergaminos de ser campe\u00f3n de la \u00faltima Liga Federal y uno de los que arranc\u00f3 bien con tres victorias y solo dos ca\u00eddas.<\/p>\n<p>Rocamora, que el mi\u00e9rcoles 12 logr\u00f3 su primera alegr\u00eda tras imponerse 85-81 a Uni\u00f3n de Mar del Plata en el Paccagnella, tiene r\u00e9cord 1-2 en partidos de cierres muy parejos. El equipo que dirige Sebasti\u00e1n Amato contin\u00faa con su proceso de formaci\u00f3n y crecimiento y est\u00e1 frente a otra buena chance de festejar ante su gente.<\/p>\n<p>En la previa habl\u00f3 Tom\u00e1s Losada, uno de los Juveniles del Rojo a quien el cuerpo t\u00e9cnico le ha dado protagonismo en este arranque de temporada y quien promedia 12 minutos y 1.7 puntos.<\/p>\n<p>\u00abAl equipo lo vi muy bien, comprometidos y enfocados. Somos un grupo joven que est\u00e1 dispuesto a pelear todos los partidos; en base a eso en todos los juegos se respet\u00f3 el plan de juego que se plante\u00f3 y lo que nos permiti\u00f3 competir de igual a igual. S\u00ed nos falt\u00f3 cerrar mejor pero ya dimos un paso adelante\u00bb, afirm\u00f3 a modo de s\u00edntesis.<\/p>\n<p>Acerca de las ajustadas derrotas frente a Deportivo Viedma y Racing de Avellaneda, reflexion\u00f3: \u00abCreo que dolieron ambas porque sab\u00edamos que hab\u00edamos hecho el trabajo para ganar; as\u00ed y todo pienso que el partido con Racing doli\u00f3 un poco m\u00e1s porque dominamos todo el juego y se escap\u00f3 sobre el final\u00bb.<\/p>\n<p>Respecto del rival que llegar\u00e1 este mi\u00e9rcoles al Paccagnella y la motivaci\u00f3n que genera, opin\u00f3: \u00abS\u00ed, obvio; jugar contra un equipo como Central, que viene puntero, te exige al m\u00e1ximo y ayuda a subir nuestro nivel. Aparte que es un rival hist\u00f3rico de la provincia; es lindo que se vuelva a dar\u00bb. Rocamora no lo enfrenta desde la temporada que se suspendi\u00f3 por la Pandemia de Covid (20-21).<\/p>\n<p>Tambi\u00e9n se refiri\u00f3 a esta oportunidad que est\u00e1n teniendo j\u00f3venes valores del club como \u00e9l, Pascual Santini, Franco Ferreyra Bonn\u00edn y Lucas Maldonado. \u00abS\u00ed, la verdad que s\u00ed. Sab\u00eda que tanto yo como algunos de los dem\u00e1s chicos \u00edbamos a tener la oportunidad de jugar algunos minutos y nos preparamos para estar a la altura\u00bb, asegur\u00f3.<\/p>\n<p>Finalmente habl\u00f3 de lo que el entrenador le pide tanto a \u00e9l como a los otros chicos del club. \u00abSeba nos pide primero la intensidad defensiva, ir a buscar todo el campo y poner inc\u00f3modos a los bases en los traslados\u00bb, concluy\u00f3.<\/p>\n<\/div>\n","protected":false},"excerpt":{"rendered":"<p>Tras la reprogramaci\u00f3n del juego frente a La Uni\u00f3n de Col\u00f3n, Tom\u00e1s de Rocamora volver\u00e1 a ser local y enfrentar\u00e1 este mi\u00e9rcoles a Central Entrerriano de Gualeguaych\u00fa a partir de las 21. Ser\u00e1n \u00e1rbitros Jos\u00e9 Dom\u00ednguez y Mat\u00edas Sotelo mientras que Walter Milocco estar\u00e1 como Comisionado T\u00e9cnico. La palabra de Tom\u00e1s Losada. &nbsp; Por razones [&hellip;]<\/p>\n","protected":false},"author":1,"featured_media":18107,"comment_status":"closed","ping_status":"open","sticky":false,"template":"","format":"standard","meta":[],"categories":[11],"tags":[],"_links":{"self":[{"href":"https:\/\/entreriosbasquet.com\/site\/wp-json\/wp\/v2\/posts\/18106"}],"collection":[{"href":"https:\/\/entreriosbasquet.com\/site\/wp-json\/wp\/v2\/posts"}],"about":[{"href":"https:\/\/entreriosbasquet.com\/site\/wp-json\/wp\/v2\/types\/post"}],"author":[{"embeddable":true,"href":"https:\/\/entreriosbasquet.com\/site\/wp-json\/wp\/v2\/users\/1"}],"replies":[{"embeddable":true,"href":"https:\/\/entreriosbasquet.com\/site\/wp-json\/wp\/v2\/comments?post=18106"}],"version-history":[{"count":1,"href":"https:\/\/entreriosbasquet.com\/site\/wp-json\/wp\/v2\/posts\/18106\/revisions"}],"predecessor-version":[{"id":18108,"href":"https:\/\/entreriosbasquet.com\/site\/wp-json\/wp\/v2\/posts\/18106\/revisions\/18108"}],"wp:featuredmedia":[{"embeddable":true,"href":"https:\/\/entreriosbasquet.com\/site\/wp-json\/wp\/v2\/media\/18107"}],"wp:attachment":[{"href":"https:\/\/entreriosbasquet.com\/site\/wp-json\/wp\/v2\/media?parent=18106"}],"wp:term":[{"taxonomy":"category","embeddable":true,"href":"https:\/\/entreriosbasquet.com\/site\/wp-json\/wp\/v2\/categories?post=18106"},{"taxonomy":"post_tag","embeddable":true,"href":"https:\/\/entreriosbasquet.com\/site\/wp-json\/wp\/v2\/tags?post=18106"}],"curies":[{"name":"wp","href":"https:\/\/api.w.org\/{rel}","templated":true}]}}