{"id":18018,"date":"2025-10-21T02:02:53","date_gmt":"2025-10-21T05:02:53","guid":{"rendered":"https:\/\/entreriosbasquet.com\/site\/?p=18018"},"modified":"2025-10-21T02:03:31","modified_gmt":"2025-10-21T05:03:31","slug":"parana-fue-sede-de-una-nueva-jornada-federal-de-capacitacion-cab","status":"publish","type":"post","link":"https:\/\/entreriosbasquet.com\/site\/2025\/10\/21\/parana-fue-sede-de-una-nueva-jornada-federal-de-capacitacion-cab\/","title":{"rendered":"Paran\u00e1 fue sede de la Jornada Federal de Capacitaci\u00f3n CAB"},"content":{"rendered":"<p>La Confederaci\u00f3n Argentina de B\u00e1squetbol (CAB) llev\u00f3 adelante una nueva edici\u00f3n del Programa de Capacitaci\u00f3n Federal en la ciudad de Paran\u00e1, Entre R\u00edos, en conjunto con la Federaci\u00f3n de B\u00e1squet de Entre R\u00edos (FBER) y la Asociaci\u00f3n Paranaense de B\u00e1squetbol (APB).<\/p>\n<p>Esta iniciativa forma parte del ciclo de presentaciones que la CAB viene desarrollando en distintas provincias del pa\u00eds (con ediciones previas en Corrientes, Salta y Neuqu\u00e9n) con el objetivo de compartir los avances, programas y proyectos que se est\u00e1n implementando en las diferentes \u00e1reas institucionales.<\/p>\n<p>La jornada cont\u00f3 con la presencia de referentes del equipo profesional de la CAB: Santiago Losada (Secretario General), Hern\u00e1n Tettamanti (Director de Selecciones Nacionales), Ver\u00f3nica Rindone (Gerente de RRHH y Educaci\u00f3n), Diego Gestal (Director de Infraestructura) y Agust\u00edn Luchtenberg (Director de Comunicaci\u00f3n).<\/p>\n<p>Dirigida a entrenadores, jugadores, jugadoras, dirigentes y dirigentas de clubes de toda la provincia y zonas cercanas, la actividad propuso un espacio de intercambio y participaci\u00f3n, donde los asistentes pudieron conocer de primera mano el trabajo transversal que se viene desarrollando en cada una de las \u00e1reas de la Confederaci\u00f3n.<\/p>\n<p>Entre los temas abordados se destacaron la modernizaci\u00f3n de la gesti\u00f3n institucional, los avances en materia de integridad deportiva, el fortalecimiento del ecosistema comunicacional, las nuevas propuestas educativas y de formaci\u00f3n profesional impulsadas desde el Instituto CAB, y la importancia estrat\u00e9gica del \u00e1rea de Infraestructura, que trabaja en la mejora continua de las condiciones para la competencia segura y en el acompa\u00f1amiento t\u00e9cnico a clubes y federaciones de todo el pa\u00eds.<\/p>\n<p>Con esta nueva parada en Entre R\u00edos, la Confederaci\u00f3n Argentina de B\u00e1squet contin\u00faa consolidando su pol\u00edtica de capacitaci\u00f3n y fortalecimiento dirigencial, promoviendo una gesti\u00f3n moderna, profesional y federal en todos los niveles del b\u00e1squet argentino.<\/p>\n<p><strong><em>Fuente:<\/em><\/strong>\u00a0<strong><em>Prensa CAB<\/em><\/strong><\/p>\n","protected":false},"excerpt":{"rendered":"<p>La Confederaci\u00f3n Argentina de B\u00e1squetbol (CAB) llev\u00f3 adelante una nueva edici\u00f3n del Programa de Capacitaci\u00f3n Federal en la ciudad de Paran\u00e1, Entre R\u00edos, en conjunto con la Federaci\u00f3n de B\u00e1squet de Entre R\u00edos (FBER) y la Asociaci\u00f3n Paranaense de B\u00e1squetbol (APB). Esta iniciativa forma parte del ciclo de presentaciones que la CAB viene desarrollando en [&hellip;]<\/p>\n","protected":false},"author":1,"featured_media":18019,"comment_status":"closed","ping_status":"open","sticky":false,"template":"","format":"standard","meta":[],"categories":[20],"tags":[],"_links":{"self":[{"href":"https:\/\/entreriosbasquet.com\/site\/wp-json\/wp\/v2\/posts\/18018"}],"collection":[{"href":"https:\/\/entreriosbasquet.com\/site\/wp-json\/wp\/v2\/posts"}],"about":[{"href":"https:\/\/entreriosbasquet.com\/site\/wp-json\/wp\/v2\/types\/post"}],"author":[{"embeddable":true,"href":"https:\/\/entreriosbasquet.com\/site\/wp-json\/wp\/v2\/users\/1"}],"replies":[{"embeddable":true,"href":"https:\/\/entreriosbasquet.com\/site\/wp-json\/wp\/v2\/comments?post=18018"}],"version-history":[{"count":2,"href":"https:\/\/entreriosbasquet.com\/site\/wp-json\/wp\/v2\/posts\/18018\/revisions"}],"predecessor-version":[{"id":18021,"href":"https:\/\/entreriosbasquet.com\/site\/wp-json\/wp\/v2\/posts\/18018\/revisions\/18021"}],"wp:featuredmedia":[{"embeddable":true,"href":"https:\/\/entreriosbasquet.com\/site\/wp-json\/wp\/v2\/media\/18019"}],"wp:attachment":[{"href":"https:\/\/entreriosbasquet.com\/site\/wp-json\/wp\/v2\/media?parent=18018"}],"wp:term":[{"taxonomy":"category","embeddable":true,"href":"https:\/\/entreriosbasquet.com\/site\/wp-json\/wp\/v2\/categories?post=18018"},{"taxonomy":"post_tag","embeddable":true,"href":"https:\/\/entreriosbasquet.com\/site\/wp-json\/wp\/v2\/tags?post=18018"}],"curies":[{"name":"wp","href":"https:\/\/api.w.org\/{rel}","templated":true}]}}