{"id":17963,"date":"2025-09-23T11:18:51","date_gmt":"2025-09-23T14:18:51","guid":{"rendered":"https:\/\/entreriosbasquet.com\/site\/?p=17963"},"modified":"2025-10-03T11:20:12","modified_gmt":"2025-10-03T14:20:12","slug":"arranco-la-pretemporada-de-rocamora-2","status":"publish","type":"post","link":"https:\/\/entreriosbasquet.com\/site\/2025\/09\/23\/arranco-la-pretemporada-de-rocamora-2\/","title":{"rendered":"Arranc\u00f3 la pretemporada de Rocamora"},"content":{"rendered":"<div class=\"col-12 entradilla\">\n<p style=\"text-align: justify;\">En la noche de este lunes dio comienzo la pretemporada de Tom\u00e1s de Rocamora rumbo a La Liga Argentina de B\u00e1squetbol 2025-26 que iniciar\u00e1 en noviembre. El plantel se dio cita en el estadio Julio C\u00e9sar Paccagnella y fue recibido por el cuerpo t\u00e9cnico que encabezar\u00e1 Cristhian Dom\u00ednguez por segundo a\u00f1o consecutivo.<\/p>\n<\/div>\n<div class=\"col-12 parrafos-noticia\">\n<p class=\"v1gmail-MsoNoSpacing\" style=\"text-align: justify;\"><span lang=\"ES-AR\">Pocos minutos despu\u00e9s de las 21, como estaba programado, el entrenador Cristhian Dom\u00ednguez convoc\u00f3 a todos los jugadores en la mitad de la cancha para darles la bienvenida y tambi\u00e9n iniciar oficialmente la primera pr\u00e1ctica del Rojo con vistas a la competencia que en esta nueva temporada contar\u00e1 con la participaci\u00f3n de 34 equipos.<\/span><\/p>\n<p class=\"v1gmail-MsoNoSpacing\" style=\"text-align: justify;\">El coach dirigi\u00f3 un mensaje a los jugadores y luego present\u00f3 al resto del cuerpo t\u00e9cnico que tendr\u00e1 a Laura Soledad Gonz\u00e1lez como primera asistente, Santiago Rodr\u00edguez Perdomo a cargo de la preparaci\u00f3n, y el cuerpo m\u00e9dico que estar\u00e1 conformado por el Dr. Jorge Roude y el kinesi\u00f3logo Alejo Challio.<\/p>\n<p class=\"v1gmail-MsoNoSpacing\" style=\"text-align: justify;\">En la presentaci\u00f3n tambi\u00e9n estuvieron presentes la Coordinadora y entrenadora de Liga Femenina, Sabrina Sc\u00e9vola; y los profes de categor\u00edas Intermedias, Leonardo Dom\u00ednguez y Norberto Santini. En total fueron 18 los jugadores que estuvieron en la primera pr\u00e1ctica ya que sumaron algunos Juveniles que hab\u00edan entrenado antes.<\/p>\n<p class=\"v1gmail-MsoNoSpacing\" style=\"text-align: justify;\"><img decoding=\"async\" src=\"https:\/\/laliganacional.com.ar\/uploadsfotos\/Roca7.jpg\" alt=\"\" \/><\/p>\n<p class=\"v1gmail-MsoNoSpacing\" style=\"text-align: justify;\">Despu\u00e9s de las palabras de Dom\u00ednguez, Lali Gonz\u00e1lez y el PF Rodr\u00edguez Perdomo fue tiempo de empezar a transpirar donde la parte f\u00edsica y los test fueron lo primero que se vio. Tambi\u00e9n se dieron diferentes trabajos con pelota con ambos entrenadores trabajando con los distintos grupos.<\/p>\n<p class=\"v1gmail-MsoNoSpacing\" style=\"text-align: justify;\">Hay que destacar tambi\u00e9n que en el estadio contin\u00faan las mejoras y refacciones, d\u00edas atr\u00e1s se repint\u00f3 el parqu\u00e9 de la cancha, se mejor\u00f3 notablemente la iluminaci\u00f3n; al tiempo que siguen adelante los trabajos de cambio de mesa de control y banco de suplentes, nueva zona de plateas y tambi\u00e9n se baj\u00f3 el tablero principal.<\/p>\n<p class=\"v1gmail-MsoNoSpacing\" style=\"text-align: justify;\">Esta primera semana continuar\u00e1 este martes con doble turno distribuidos en los horarios de las 13 y 19 horas. Las pr\u00e1cticas en dos jornadas se repetir\u00e1n jueves y viernes, mientras que mi\u00e9rcoles y s\u00e1bado ser\u00e1 solamente por la ma\u00f1ana. El domingo el plantel tendr\u00e1 jornada libre.<\/p>\n<p class=\"v1gmail-MsoNoSpacing\" style=\"text-align: justify;\"><strong>El plantel<\/strong><\/p>\n<ul>\n<li style=\"text-align: justify;\"><strong>Bases:<\/strong>\u00a0Tom\u00e1s Jurgensen, Pascual Santini y Tom\u00e1s Losada<\/li>\n<li style=\"text-align: justify;\"><strong>Escoltas:<\/strong>\u00a0Agust\u00edn Cavall\u00edn, Franco Ferreyra Bonn\u00edn y Valentino Biagi<\/li>\n<li style=\"text-align: justify;\"><strong>Aleros:<\/strong>\u00a0Agust\u00edn Carnovale, Lucas Maldonado, Kevin Herrera Notari y Agust\u00edn Sarjanovich<\/li>\n<li style=\"text-align: justify;\"><strong>Ala pivots:<\/strong>\u00a0Franco Maeso y Valentino Occhi<\/li>\n<li style=\"text-align: justify;\"><strong>Pivots:<\/strong>\u00a0Maximiliano Acevedo y Bautista Mangioni<\/li>\n<\/ul>\n<p class=\"v1gmail-MsoNoSpacing\"><strong><img decoding=\"async\" src=\"https:\/\/laliganacional.com.ar\/uploadsfotos\/Roca5.jpg\" alt=\"\" \/><\/strong><\/p>\n<\/div>\n","protected":false},"excerpt":{"rendered":"<p>En la noche de este lunes dio comienzo la pretemporada de Tom\u00e1s de Rocamora rumbo a La Liga Argentina de B\u00e1squetbol 2025-26 que iniciar\u00e1 en noviembre. El plantel se dio cita en el estadio Julio C\u00e9sar Paccagnella y fue recibido por el cuerpo t\u00e9cnico que encabezar\u00e1 Cristhian Dom\u00ednguez por segundo a\u00f1o consecutivo. Pocos minutos despu\u00e9s [&hellip;]<\/p>\n","protected":false},"author":1,"featured_media":17964,"comment_status":"closed","ping_status":"open","sticky":false,"template":"","format":"standard","meta":[],"categories":[11],"tags":[],"_links":{"self":[{"href":"https:\/\/entreriosbasquet.com\/site\/wp-json\/wp\/v2\/posts\/17963"}],"collection":[{"href":"https:\/\/entreriosbasquet.com\/site\/wp-json\/wp\/v2\/posts"}],"about":[{"href":"https:\/\/entreriosbasquet.com\/site\/wp-json\/wp\/v2\/types\/post"}],"author":[{"embeddable":true,"href":"https:\/\/entreriosbasquet.com\/site\/wp-json\/wp\/v2\/users\/1"}],"replies":[{"embeddable":true,"href":"https:\/\/entreriosbasquet.com\/site\/wp-json\/wp\/v2\/comments?post=17963"}],"version-history":[{"count":1,"href":"https:\/\/entreriosbasquet.com\/site\/wp-json\/wp\/v2\/posts\/17963\/revisions"}],"predecessor-version":[{"id":17965,"href":"https:\/\/entreriosbasquet.com\/site\/wp-json\/wp\/v2\/posts\/17963\/revisions\/17965"}],"wp:featuredmedia":[{"embeddable":true,"href":"https:\/\/entreriosbasquet.com\/site\/wp-json\/wp\/v2\/media\/17964"}],"wp:attachment":[{"href":"https:\/\/entreriosbasquet.com\/site\/wp-json\/wp\/v2\/media?parent=17963"}],"wp:term":[{"taxonomy":"category","embeddable":true,"href":"https:\/\/entreriosbasquet.com\/site\/wp-json\/wp\/v2\/categories?post=17963"},{"taxonomy":"post_tag","embeddable":true,"href":"https:\/\/entreriosbasquet.com\/site\/wp-json\/wp\/v2\/tags?post=17963"}],"curies":[{"name":"wp","href":"https:\/\/api.w.org\/{rel}","templated":true}]}}