{"id":17957,"date":"2025-10-01T11:11:33","date_gmt":"2025-10-01T14:11:33","guid":{"rendered":"https:\/\/entreriosbasquet.com\/site\/?p=17957"},"modified":"2025-10-03T11:13:45","modified_gmt":"2025-10-03T14:13:45","slug":"parana-fue-sede-del-6-encuentro-de-basquet-inclusivo","status":"publish","type":"post","link":"https:\/\/entreriosbasquet.com\/site\/2025\/10\/01\/parana-fue-sede-del-6-encuentro-de-basquet-inclusivo\/","title":{"rendered":"Paran\u00e1 fue sede del 6\u00b0 Encuentro de B\u00e1squet Inclusivo"},"content":{"rendered":"<p>La Escuela de Amigos del Club Atl\u00e9tico Talleres organiz\u00f3 el sexto Encuentro de B\u00e1squet Inclusivo, el mismo se desarroll\u00f3 a lo largo del pasado fin de semana y cont\u00f3 con la presencia de m\u00e1s de 150 basquetbolistas de distintas partes de la Argentina.<\/p>\n<p>El encuentro fue inaugurado la noche del s\u00e1bado con la bienvenida a las delegaciones, palabras alusivas y la actuaci\u00f3n de la Guardia del Paran\u00e1, en un marco de mucha alegr\u00eda. All\u00ed estuvieron el subsecretario de Deportes del Municipio, Juan Arbitelli, el presidente del Club Atl\u00e9tico Talleres, Horacio Lorenzetti, la vicepresidenta de la instituci\u00f3n, Carina Ramos, la senadora provincial, Claudia Silva, y Cristian G\u00f3mez, de la Escuela de Amigos.<\/p>\n<p><img decoding=\"async\" loading=\"lazy\" src=\"https:\/\/www.analisisdigital.com.ar\/sites\/default\/files\/imagenes\/inline-images\/Torneo%20CAT%202.jpg\" width=\"1200\" height=\"800\" data-entity-uuid=\"71671b79-fd55-4106-bc98-191a0aa9daae\" data-entity-type=\"file\" \/><\/p>\n<p>El evento deportivo tuvo la participaci\u00f3n del Club Zaninetti, de Concepci\u00f3n del Uruguay; Los Tigres, de Capilla del Se\u00f1or (Buenos Aires); Caramelos Surtidos, de Rosario; Mil Amores, de Villaguay; Deporte Adaptado, de Crespo.<\/p>\n<p>Adem\u00e1s, Litoral Unidos, de Santa Fe; Legendarios, de San Rafael (Mendoza); Escuela Deportiva Municipal de Z\u00e1rate; y Los So\u00f1adores, de Tucum\u00e1n; adem\u00e1s de la Escuela de Amigos del club Talleres.<\/p>\n<p>\u201cEncuentros como este son una fiesta de la amistad y el deporte. M\u00e1s all\u00e1 de las competencias, lo importante es compartir, convivir y fortalecer la inclusi\u00f3n a trav\u00e9s del b\u00e1squet\u201d, remarcaron desde la organizaci\u00f3n.<\/p>\n","protected":false},"excerpt":{"rendered":"<p>La Escuela de Amigos del Club Atl\u00e9tico Talleres organiz\u00f3 el sexto Encuentro de B\u00e1squet Inclusivo, el mismo se desarroll\u00f3 a lo largo del pasado fin de semana y cont\u00f3 con la presencia de m\u00e1s de 150 basquetbolistas de distintas partes de la Argentina. El encuentro fue inaugurado la noche del s\u00e1bado con la bienvenida a [&hellip;]<\/p>\n","protected":false},"author":1,"featured_media":17958,"comment_status":"closed","ping_status":"open","sticky":false,"template":"","format":"standard","meta":[],"categories":[20],"tags":[],"_links":{"self":[{"href":"https:\/\/entreriosbasquet.com\/site\/wp-json\/wp\/v2\/posts\/17957"}],"collection":[{"href":"https:\/\/entreriosbasquet.com\/site\/wp-json\/wp\/v2\/posts"}],"about":[{"href":"https:\/\/entreriosbasquet.com\/site\/wp-json\/wp\/v2\/types\/post"}],"author":[{"embeddable":true,"href":"https:\/\/entreriosbasquet.com\/site\/wp-json\/wp\/v2\/users\/1"}],"replies":[{"embeddable":true,"href":"https:\/\/entreriosbasquet.com\/site\/wp-json\/wp\/v2\/comments?post=17957"}],"version-history":[{"count":1,"href":"https:\/\/entreriosbasquet.com\/site\/wp-json\/wp\/v2\/posts\/17957\/revisions"}],"predecessor-version":[{"id":17959,"href":"https:\/\/entreriosbasquet.com\/site\/wp-json\/wp\/v2\/posts\/17957\/revisions\/17959"}],"wp:featuredmedia":[{"embeddable":true,"href":"https:\/\/entreriosbasquet.com\/site\/wp-json\/wp\/v2\/media\/17958"}],"wp:attachment":[{"href":"https:\/\/entreriosbasquet.com\/site\/wp-json\/wp\/v2\/media?parent=17957"}],"wp:term":[{"taxonomy":"category","embeddable":true,"href":"https:\/\/entreriosbasquet.com\/site\/wp-json\/wp\/v2\/categories?post=17957"},{"taxonomy":"post_tag","embeddable":true,"href":"https:\/\/entreriosbasquet.com\/site\/wp-json\/wp\/v2\/tags?post=17957"}],"curies":[{"name":"wp","href":"https:\/\/api.w.org\/{rel}","templated":true}]}}