{"id":17884,"date":"2025-07-05T19:54:38","date_gmt":"2025-07-05T22:54:38","guid":{"rendered":"https:\/\/entreriosbasquet.com\/site\/?p=17884"},"modified":"2025-07-10T20:10:24","modified_gmt":"2025-07-10T23:10:24","slug":"ciclista-campeon-del-torneo-apertura-de-la-apb","status":"publish","type":"post","link":"https:\/\/entreriosbasquet.com\/site\/2025\/07\/05\/ciclista-campeon-del-torneo-apertura-de-la-apb\/","title":{"rendered":"Ciclista campe\u00f3n del Torneo Apertura de la APB"},"content":{"rendered":"<p style=\"text-align: justify;\">Este viernes, el Club Ciclista de Paran\u00e1 y el Club Paracao le pusieron punto final al Torneo Apertura de la Asociaci\u00f3n Paranaense de B\u00e1squet (APB). Esto se debe a que el\u00a0<em>Verde<\/em>\u00a0se impuso en el estadio Coloso del Sur y barri\u00f3 la serie por 2-0 a su favor.<\/p>\n<p style=\"text-align: justify;\">La final comenz\u00f3 el pasado s\u00e1bado, con el triunfo de Ciclista en el estadio Juan Baglietto por 95-63 y culmin\u00f3 este viernes con una nueva victoria del\u00a0<em>Verde<\/em>. En este caso, el equipo de calle Santiago del Estero se impuso por 79-65 y concret\u00f3 su victoria en el torneo.<\/p>\n<p style=\"text-align: justify;\">Ciclista cerr\u00f3 la serie por 2-0 y de esta manera se qued\u00f3 con el Torneo Apertura 2025 de la APB. Se trata de la quinta consagraci\u00f3n para este conjunto en los \u00faltimos siete a\u00f1os. Adem\u00e1s, representa el 15\u00b0 t\u00edtulo local a lo largo de su historia.<\/p>\n<p style=\"text-align: justify;\">De esta manera, el\u00a0<em>Verde<\/em>\u00a0le puso punto final a una temporada en la que debi\u00f3 afrontar doble competencia como consecuencia de su participaci\u00f3n en la Liga Federal. Esto hizo que descuidara el torneo local, en el que acab\u00f3 en la cuarta colocaci\u00f3n.<\/p>\n<p style=\"text-align: justify;\">El\u00a0<em>Verde\u00a0<\/em>cont\u00f3 con ventaja de local\u00eda en la definici\u00f3n debido a que Paracao fue la sorpresa del torneo: clasific\u00f3 en el s\u00e9ptimo puesto, pero consigui\u00f3 meterse en la definici\u00f3n del t\u00edtulo. La definici\u00f3n favoreci\u00f3 a Ciclista, que pudo cerrar el primer torneo del a\u00f1o con una sonrisa.<\/p>\n<p style=\"text-align: justify;\"><strong>Final | APB<\/strong><br \/>\nS\u00e1bado 28\/6:<br \/>\nCiclista\u00a0<strong>95-63<\/strong>\u00a0Paracao.<\/p>\n<p>Viernes 4\/7:<br \/>\nParacao\u00a0<strong>65-79<\/strong>\u00a0Ciclista.<\/p>\n","protected":false},"excerpt":{"rendered":"<p>Este viernes, el Club Ciclista de Paran\u00e1 y el Club Paracao le pusieron punto final al Torneo Apertura de la Asociaci\u00f3n Paranaense de B\u00e1squet (APB). Esto se debe a que el\u00a0Verde\u00a0se impuso en el estadio Coloso del Sur y barri\u00f3 la serie por 2-0 a su favor. La final comenz\u00f3 el pasado s\u00e1bado, con el [&hellip;]<\/p>\n","protected":false},"author":1,"featured_media":17885,"comment_status":"closed","ping_status":"open","sticky":false,"template":"","format":"standard","meta":[],"categories":[20],"tags":[],"_links":{"self":[{"href":"https:\/\/entreriosbasquet.com\/site\/wp-json\/wp\/v2\/posts\/17884"}],"collection":[{"href":"https:\/\/entreriosbasquet.com\/site\/wp-json\/wp\/v2\/posts"}],"about":[{"href":"https:\/\/entreriosbasquet.com\/site\/wp-json\/wp\/v2\/types\/post"}],"author":[{"embeddable":true,"href":"https:\/\/entreriosbasquet.com\/site\/wp-json\/wp\/v2\/users\/1"}],"replies":[{"embeddable":true,"href":"https:\/\/entreriosbasquet.com\/site\/wp-json\/wp\/v2\/comments?post=17884"}],"version-history":[{"count":1,"href":"https:\/\/entreriosbasquet.com\/site\/wp-json\/wp\/v2\/posts\/17884\/revisions"}],"predecessor-version":[{"id":17886,"href":"https:\/\/entreriosbasquet.com\/site\/wp-json\/wp\/v2\/posts\/17884\/revisions\/17886"}],"wp:featuredmedia":[{"embeddable":true,"href":"https:\/\/entreriosbasquet.com\/site\/wp-json\/wp\/v2\/media\/17885"}],"wp:attachment":[{"href":"https:\/\/entreriosbasquet.com\/site\/wp-json\/wp\/v2\/media?parent=17884"}],"wp:term":[{"taxonomy":"category","embeddable":true,"href":"https:\/\/entreriosbasquet.com\/site\/wp-json\/wp\/v2\/categories?post=17884"},{"taxonomy":"post_tag","embeddable":true,"href":"https:\/\/entreriosbasquet.com\/site\/wp-json\/wp\/v2\/tags?post=17884"}],"curies":[{"name":"wp","href":"https:\/\/api.w.org\/{rel}","templated":true}]}}