{"id":17872,"date":"2025-06-28T08:47:04","date_gmt":"2025-06-28T11:47:04","guid":{"rendered":"https:\/\/entreriosbasquet.com\/site\/?p=17872"},"modified":"2025-07-03T08:56:51","modified_gmt":"2025-07-03T11:56:51","slug":"echague-pone-en-venta-la-plaza-de-la-liga-argentina","status":"publish","type":"post","link":"https:\/\/entreriosbasquet.com\/site\/2025\/06\/28\/echague-pone-en-venta-la-plaza-de-la-liga-argentina\/","title":{"rendered":"Echag\u00fce pone en venta la plaza de la Liga Argentina"},"content":{"rendered":"<div class=\"article-body\">\n<p style=\"text-align: justify;\">En una decisi\u00f3n tan dif\u00edcil como trascendental, el Atl\u00e9tico Echag\u00fce Club oficializ\u00f3 su intenci\u00f3n de vender la plaza con la que actualmente cuenta para la Liga Argentina de B\u00e1squet, de cara a la temporada 2025\/2026.<\/p>\n<p style=\"text-align: justify;\">La determinaci\u00f3n fue comunicada formalmente a la Asociaci\u00f3n de Clubes (AdC), acompa\u00f1ada por la correspondiente Carta Documento que ratifica la voluntad institucional de cesar su participaci\u00f3n en la segunda categor\u00eda del b\u00e1squetbol nacional.<\/p>\n<p style=\"text-align: justify;\">Desde la dirigencia se explic\u00f3 que la medida responde a una serie de factores econ\u00f3micos, log\u00edsticos y de reordenamiento interno, que colocan a la sostenibilidad financiera como eje prioritario para preservar el equilibrio y la salud institucional de la entidad.<\/p>\n<p style=\"text-align: justify;\">El presidente del AEC, Gustavo Pi\u00e9rola, agradeci\u00f3 el esfuerzo del equipo de trabajo que se form\u00f3 para ese fin el a\u00f1o pasado y el proyecto deportivo presentado por Juan Siemienczuk impulsado como coordinador del b\u00e1squet.<\/p>\n<p style=\"text-align: justify;\">\u201cLa situaci\u00f3n econ\u00f3mica del pa\u00eds y la provincia llev\u00f3 a que no se lograra el objetivo financiero para poder participar, y los plazos para la cesi\u00f3n de la plaza est\u00e1n al l\u00edmite. Por eso hemos tomado la decisi\u00f3n que no ha sido sencilla por la historia basquetbol\u00edstica del club ya que Echag\u00fce es fundador de la Liga Nacional. La determinaci\u00f3n va por el camino de la responsabilidad institucional\u201d, explic\u00f3 Pi\u00e9rola.<\/p>\n<\/div>\n","protected":false},"excerpt":{"rendered":"<p>En una decisi\u00f3n tan dif\u00edcil como trascendental, el Atl\u00e9tico Echag\u00fce Club oficializ\u00f3 su intenci\u00f3n de vender la plaza con la que actualmente cuenta para la Liga Argentina de B\u00e1squet, de cara a la temporada 2025\/2026. La determinaci\u00f3n fue comunicada formalmente a la Asociaci\u00f3n de Clubes (AdC), acompa\u00f1ada por la correspondiente Carta Documento que ratifica la [&hellip;]<\/p>\n","protected":false},"author":1,"featured_media":17873,"comment_status":"closed","ping_status":"open","sticky":false,"template":"","format":"standard","meta":[],"categories":[11],"tags":[],"_links":{"self":[{"href":"https:\/\/entreriosbasquet.com\/site\/wp-json\/wp\/v2\/posts\/17872"}],"collection":[{"href":"https:\/\/entreriosbasquet.com\/site\/wp-json\/wp\/v2\/posts"}],"about":[{"href":"https:\/\/entreriosbasquet.com\/site\/wp-json\/wp\/v2\/types\/post"}],"author":[{"embeddable":true,"href":"https:\/\/entreriosbasquet.com\/site\/wp-json\/wp\/v2\/users\/1"}],"replies":[{"embeddable":true,"href":"https:\/\/entreriosbasquet.com\/site\/wp-json\/wp\/v2\/comments?post=17872"}],"version-history":[{"count":1,"href":"https:\/\/entreriosbasquet.com\/site\/wp-json\/wp\/v2\/posts\/17872\/revisions"}],"predecessor-version":[{"id":17874,"href":"https:\/\/entreriosbasquet.com\/site\/wp-json\/wp\/v2\/posts\/17872\/revisions\/17874"}],"wp:featuredmedia":[{"embeddable":true,"href":"https:\/\/entreriosbasquet.com\/site\/wp-json\/wp\/v2\/media\/17873"}],"wp:attachment":[{"href":"https:\/\/entreriosbasquet.com\/site\/wp-json\/wp\/v2\/media?parent=17872"}],"wp:term":[{"taxonomy":"category","embeddable":true,"href":"https:\/\/entreriosbasquet.com\/site\/wp-json\/wp\/v2\/categories?post=17872"},{"taxonomy":"post_tag","embeddable":true,"href":"https:\/\/entreriosbasquet.com\/site\/wp-json\/wp\/v2\/tags?post=17872"}],"curies":[{"name":"wp","href":"https:\/\/api.w.org\/{rel}","templated":true}]}}