{"id":17818,"date":"2025-06-12T20:15:16","date_gmt":"2025-06-12T23:15:16","guid":{"rendered":"https:\/\/entreriosbasquet.com\/site\/?p=17818"},"modified":"2025-06-17T20:16:26","modified_gmt":"2025-06-17T23:16:26","slug":"joaquin-folmer-jugara-al-mundial-u19","status":"publish","type":"post","link":"https:\/\/entreriosbasquet.com\/site\/2025\/06\/12\/joaquin-folmer-jugara-al-mundial-u19\/","title":{"rendered":"Joaqu\u00edn Folmer jugar\u00e1 al Mundial U19"},"content":{"rendered":"<p style=\"text-align: justify;\">El crespense<strong>\u00a0Joaqu\u00edn Folmer<\/strong>\u00a0es uno de los 12 nombres confirmados para disputar el Mundial U19 de B\u00e1squet en Lausanee (Suiza) con la selecci\u00f3n argentina. As\u00ed lo dio a conocer este jueves la Confederaci\u00f3n Argentina de B\u00e1squet (CABB) en su p\u00e1gina oficial, donde se inform\u00f3 la n\u00f3mina de jugadores que forman parte de la n\u00f3mina mundialista.<\/p>\n<p style=\"text-align: justify;\">En este marco, el entrenador del equipo\u00a0<em>Albiceleste<\/em>, Mauro Polla, realiz\u00f3 dos nuevos cortes y confirm\u00f3 a los 12 integrantes que representar\u00e1n al pa\u00eds en la Copa del Mundo del 28 de junio en adelante \u2013la final ser\u00e1 el 6 de julio-.<\/p>\n<p style=\"text-align: justify;\">Cabe recordar que el escolta de Uni\u00f3n de Crespo fue el capit\u00e1n del representativo \u00abalbiceleste\u00bb el a\u00f1o pasado en el Campeonato Sudamericano.<\/p>\n<p style=\"text-align: justify;\">Adem\u00e1s, se anunci\u00f3 que este viernes tendr\u00e1n un \u00faltimo amistoso en el pa\u00eds y luego emprender\u00e1n viaje hacia el pa\u00eds europeo para la preparaci\u00f3n final con vistas a la cita mundialista.<\/p>\n<p style=\"text-align: justify;\"><strong>La fase clasificatoria<\/strong><\/p>\n<p style=\"text-align: justify;\">En la Copa del Mundo, Argentina integrar\u00e1 el Grupo A junto a los seleccionados de Mali, Serbia y Nueva Zelanda. Los juveniles argentinos protagonizar\u00e1n el partido inaugural del certamen, el s\u00e1bado 28 de este mes, a las 6.15, frente al representativo de Ocean\u00eda.<\/p>\n","protected":false},"excerpt":{"rendered":"<p>El crespense\u00a0Joaqu\u00edn Folmer\u00a0es uno de los 12 nombres confirmados para disputar el Mundial U19 de B\u00e1squet en Lausanee (Suiza) con la selecci\u00f3n argentina. As\u00ed lo dio a conocer este jueves la Confederaci\u00f3n Argentina de B\u00e1squet (CABB) en su p\u00e1gina oficial, donde se inform\u00f3 la n\u00f3mina de jugadores que forman parte de la n\u00f3mina mundialista. En [&hellip;]<\/p>\n","protected":false},"author":1,"featured_media":17819,"comment_status":"closed","ping_status":"open","sticky":false,"template":"","format":"standard","meta":[],"categories":[19],"tags":[],"_links":{"self":[{"href":"https:\/\/entreriosbasquet.com\/site\/wp-json\/wp\/v2\/posts\/17818"}],"collection":[{"href":"https:\/\/entreriosbasquet.com\/site\/wp-json\/wp\/v2\/posts"}],"about":[{"href":"https:\/\/entreriosbasquet.com\/site\/wp-json\/wp\/v2\/types\/post"}],"author":[{"embeddable":true,"href":"https:\/\/entreriosbasquet.com\/site\/wp-json\/wp\/v2\/users\/1"}],"replies":[{"embeddable":true,"href":"https:\/\/entreriosbasquet.com\/site\/wp-json\/wp\/v2\/comments?post=17818"}],"version-history":[{"count":1,"href":"https:\/\/entreriosbasquet.com\/site\/wp-json\/wp\/v2\/posts\/17818\/revisions"}],"predecessor-version":[{"id":17820,"href":"https:\/\/entreriosbasquet.com\/site\/wp-json\/wp\/v2\/posts\/17818\/revisions\/17820"}],"wp:featuredmedia":[{"embeddable":true,"href":"https:\/\/entreriosbasquet.com\/site\/wp-json\/wp\/v2\/media\/17819"}],"wp:attachment":[{"href":"https:\/\/entreriosbasquet.com\/site\/wp-json\/wp\/v2\/media?parent=17818"}],"wp:term":[{"taxonomy":"category","embeddable":true,"href":"https:\/\/entreriosbasquet.com\/site\/wp-json\/wp\/v2\/categories?post=17818"},{"taxonomy":"post_tag","embeddable":true,"href":"https:\/\/entreriosbasquet.com\/site\/wp-json\/wp\/v2\/tags?post=17818"}],"curies":[{"name":"wp","href":"https:\/\/api.w.org\/{rel}","templated":true}]}}