{"id":17737,"date":"2025-04-28T22:07:02","date_gmt":"2025-04-29T01:07:02","guid":{"rendered":"https:\/\/entreriosbasquet.com\/site\/?p=17737"},"modified":"2025-05-04T10:28:46","modified_gmt":"2025-05-04T13:28:46","slug":"julio-gimenez-continuara-como-presidente-de-la-fber","status":"publish","type":"post","link":"https:\/\/entreriosbasquet.com\/site\/2025\/04\/28\/julio-gimenez-continuara-como-presidente-de-la-fber\/","title":{"rendered":"Julio Gim\u00e9nez continuar\u00e1 como presidente de la FBER"},"content":{"rendered":"<p style=\"text-align: justify;\">Este s\u00e1bado en la ciudad de Villaguay, la Federaci\u00f3n de B\u00e1squetbol de la Provincia de Entre R\u00edos (FBER) realiz\u00f3 la Asamblea Anual Ordinaria con la participaci\u00f3n de las m\u00e1s altas autoridades de la entidad y de representantes de las ocho asociaciones afiliadas (Paran\u00e1, Concordia, Pancho Ram\u00edrez, Col\u00f3n, Gualeguaych\u00fa, Santa Elena, Villaguay y Asoc. Paranaense de B\u00e1squet Femenino).<\/p>\n<p style=\"text-align: justify;\">La convocatoria, llevada adelante en el Colegio M\u00e9dico de dicha localidad, sirvi\u00f3 para renovar y elegir autoridades del Consejo Directivo. En tal sentido,\u00a0<strong>Julio Isa\u00edas Gim\u00e9nez<\/strong>\u00a0fue ratificado como presidente y tendr\u00e1 un nuevo mandato de cuatro a\u00f1os al frente de la entidad madre del b\u00e1squet entrerriano.<\/p>\n<p style=\"text-align: justify;\">En ese marco, fueron considerados la Memoria, el Balance Anual y la Cuenta de gastos, recursos e inventario del \u00faltimo ejercicio. Del mismo modo, fue aprobado por unanimidad el informe de los Revisores de Cuentas.<\/p>\n<p style=\"text-align: justify;\">\u201cQuiero agradecer profundamente a todas las Asociaciones afiliadas, a los dirigentes de cada rinc\u00f3n de nuestra provincia y, en general, a toda la familia del b\u00e1squet entrerriano por el acompa\u00f1amiento y la confianza depositada en m\u00ed y en todo el Consejo Directivo de la FBER\u201d, expres\u00f3 Gim\u00e9nez.<\/p>\n<p style=\"text-align: justify;\">En ese marco, a\u00f1adi\u00f3: \u201cEstoy convencido de que juntos vamos a seguir mejorando, encontrando nuevos caminos y consolidando el crecimiento de nuestro b\u00e1squet, para que Entre R\u00edos contin\u00fae una de las federaciones m\u00e1s fuertes y respetadas del pa\u00eds\u201d.<\/p>\n<p style=\"text-align: justify;\">\u201cCon el compromiso de siempre, con la pasi\u00f3n que sentimos por este deporte y con la mirada puesta en el futuro, renovamos nuestra promesa de seguir trabajando cada d\u00eda para hacer m\u00e1s grande al b\u00e1squet de nuestra querida provincia\u201d, cerr\u00f3 el dirigente oriundo de Villaguay.<\/p>\n<p style=\"text-align: justify;\">Por su parte, Carlos Scola continuar\u00e1 como vicepresidente primero, Dante Buffa estar\u00e1 en la vicepresidencia segunda, mientras que Ariel Rey, secretario general, y Gustavo Ort\u00edz, tesorero, seguir\u00e1n en sus cargos.<\/p>\n<p style=\"text-align: justify;\"><strong>NUEVO CONSEJO DIRECTIVO<\/strong><\/p>\n<p><strong>Presidente:<\/strong>\u00a0Julio Isa\u00edas Gim\u00e9nez<br \/>\n<strong>Vicepresidente Primero:\u00a0<\/strong>Carlos Pablo Scola<br \/>\n<strong>Vicepresidente Segundo:\u00a0<\/strong>Edgardo Dante Buffa<br \/>\n<strong>Secretario General:\u00a0<\/strong>Ariel Rey<br \/>\n<strong>Prosecretario:\u00a0<\/strong>Diego Germ\u00e1n Cherot<br \/>\n<strong>Secretar\u00eda de Actas:<\/strong>\u00a0Estela Elvira Ramos<br \/>\n<strong>Tesorero:<\/strong>\u00a0Gustavo Ortiz<br \/>\n<strong>Protesorero:<\/strong>\u00a0Guillermo Rub\u00e9n Bonin<\/p>\n<p><strong>Vocales Titulares:<\/strong><br \/>\nSantiago Ariel Losada<br \/>\nAlejandro Poeti<br \/>\nAna Carolina Formento<br \/>\nGustavo Germ\u00e1n Aguirre<br \/>\nMiriam Smail<\/p>\n<p><strong>Vocales Suplentes:<\/strong><br \/>\nAlicia Dolores Mauri<br \/>\nGustavo Roque Fern\u00e1ndez<br \/>\nDiego Sack<br \/>\nFabricio Gustavo Hlede<br \/>\nYari Andr\u00e9s Mogni<\/p>\n<p><strong>Revisores de Cuentas Titulares:<\/strong><br \/>\nCiro Daniel Pav\u00f3n<br \/>\nLeonardo Elides Burgos<\/p>\n<p><strong>Revisores de Cuentas Suplentes:<\/strong><br \/>\nJavier Alfredo Borrajo<br \/>\nAriel Germ\u00e1n Giani<\/p>\n","protected":false},"excerpt":{"rendered":"<p>Este s\u00e1bado en la ciudad de Villaguay, la Federaci\u00f3n de B\u00e1squetbol de la Provincia de Entre R\u00edos (FBER) realiz\u00f3 la Asamblea Anual Ordinaria con la participaci\u00f3n de las m\u00e1s altas autoridades de la entidad y de representantes de las ocho asociaciones afiliadas (Paran\u00e1, Concordia, Pancho Ram\u00edrez, Col\u00f3n, Gualeguaych\u00fa, Santa Elena, Villaguay y Asoc. Paranaense de [&hellip;]<\/p>\n","protected":false},"author":1,"featured_media":17738,"comment_status":"closed","ping_status":"open","sticky":false,"template":"","format":"standard","meta":[],"categories":[20],"tags":[],"_links":{"self":[{"href":"https:\/\/entreriosbasquet.com\/site\/wp-json\/wp\/v2\/posts\/17737"}],"collection":[{"href":"https:\/\/entreriosbasquet.com\/site\/wp-json\/wp\/v2\/posts"}],"about":[{"href":"https:\/\/entreriosbasquet.com\/site\/wp-json\/wp\/v2\/types\/post"}],"author":[{"embeddable":true,"href":"https:\/\/entreriosbasquet.com\/site\/wp-json\/wp\/v2\/users\/1"}],"replies":[{"embeddable":true,"href":"https:\/\/entreriosbasquet.com\/site\/wp-json\/wp\/v2\/comments?post=17737"}],"version-history":[{"count":1,"href":"https:\/\/entreriosbasquet.com\/site\/wp-json\/wp\/v2\/posts\/17737\/revisions"}],"predecessor-version":[{"id":17739,"href":"https:\/\/entreriosbasquet.com\/site\/wp-json\/wp\/v2\/posts\/17737\/revisions\/17739"}],"wp:featuredmedia":[{"embeddable":true,"href":"https:\/\/entreriosbasquet.com\/site\/wp-json\/wp\/v2\/media\/17738"}],"wp:attachment":[{"href":"https:\/\/entreriosbasquet.com\/site\/wp-json\/wp\/v2\/media?parent=17737"}],"wp:term":[{"taxonomy":"category","embeddable":true,"href":"https:\/\/entreriosbasquet.com\/site\/wp-json\/wp\/v2\/categories?post=17737"},{"taxonomy":"post_tag","embeddable":true,"href":"https:\/\/entreriosbasquet.com\/site\/wp-json\/wp\/v2\/tags?post=17737"}],"curies":[{"name":"wp","href":"https:\/\/api.w.org\/{rel}","templated":true}]}}