{"id":17672,"date":"2025-04-07T09:06:39","date_gmt":"2025-04-07T12:06:39","guid":{"rendered":"https:\/\/entreriosbasquet.com\/site\/?p=17672"},"modified":"2025-04-10T09:09:30","modified_gmt":"2025-04-10T12:09:30","slug":"liga-masculina-etapa-de-definiciones-en-la-1-fase","status":"publish","type":"post","link":"https:\/\/entreriosbasquet.com\/site\/2025\/04\/07\/liga-masculina-etapa-de-definiciones-en-la-1-fase\/","title":{"rendered":"Liga Masculina: Etapa de definiciones en la 1\u00b0 Fase"},"content":{"rendered":"<p style=\"text-align: justify;\">La Liga Provincial Masculina de Clubes en categor\u00edas formativas U13, U15 y U17, organizada por la Federaci\u00f3n de B\u00e1squet de Entre R\u00edos (FBER), transita momentos decisivos en la Primera Fase. Durante los \u00faltimos d\u00edas se disputaron las jornadas 8 y 9 de la instancia inicial, con encuentros vibrantes que se llevaron a cabo en distintos puntos de la provincia.<\/p>\n<p style=\"text-align: justify;\">Las canchas entrerrianas fueron escenario de partidos con gran intensidad y paridad, reflejo del crecimiento sostenido que atraviesan las categor\u00edas formativas. Desde Federaci\u00f3n hasta Gualeguaych\u00fa, pasando por Paran\u00e1, Col\u00f3n y otras localidades, se vivi\u00f3 un clima de competencia sana, compromiso y pasi\u00f3n por el deporte.<\/p>\n<p style=\"text-align: justify;\">El pr\u00f3ximo fin de semana se jugar\u00e1 la d\u00e9cima y \u00faltima fecha de la fase inicial, la cual ser\u00e1 determinante para definir la conformaci\u00f3n de los grupos de la Segunda Fase. Cada equipo buscar\u00e1 cerrar de la mejor manera esta etapa para continuar en la pelea dentro de un certamen que mantiene un muy buen nivel competitivo.<\/p>\n<p style=\"text-align: justify;\">La Liga Provincial se consolida a\u00f1o tras a\u00f1o como una herramienta fundamental para el desarrollo deportivo de los j\u00f3venes jugadores, pero tambi\u00e9n como un espacio de encuentro, camarader\u00eda y aprendizaje. El torneo no solo apunta al rendimiento en la cancha, sino tambi\u00e9n a forjar valores que fortalecen el crecimiento humano dentro y fuera del deporte.<\/p>\n<p style=\"text-align: justify;\">Todos los \u00faltimos resultados los encontr\u00e1s en el siguiente link.<\/p>\n<p><strong><a href=\"https:\/\/www.basquetentrerios.com\/resultados\/\">RESULTADOS Y JORNADAS<\/a><\/strong><\/p>\n","protected":false},"excerpt":{"rendered":"<p>La Liga Provincial Masculina de Clubes en categor\u00edas formativas U13, U15 y U17, organizada por la Federaci\u00f3n de B\u00e1squet de Entre R\u00edos (FBER), transita momentos decisivos en la Primera Fase. Durante los \u00faltimos d\u00edas se disputaron las jornadas 8 y 9 de la instancia inicial, con encuentros vibrantes que se llevaron a cabo en distintos [&hellip;]<\/p>\n","protected":false},"author":1,"featured_media":17673,"comment_status":"closed","ping_status":"open","sticky":false,"template":"","format":"standard","meta":[],"categories":[19],"tags":[],"_links":{"self":[{"href":"https:\/\/entreriosbasquet.com\/site\/wp-json\/wp\/v2\/posts\/17672"}],"collection":[{"href":"https:\/\/entreriosbasquet.com\/site\/wp-json\/wp\/v2\/posts"}],"about":[{"href":"https:\/\/entreriosbasquet.com\/site\/wp-json\/wp\/v2\/types\/post"}],"author":[{"embeddable":true,"href":"https:\/\/entreriosbasquet.com\/site\/wp-json\/wp\/v2\/users\/1"}],"replies":[{"embeddable":true,"href":"https:\/\/entreriosbasquet.com\/site\/wp-json\/wp\/v2\/comments?post=17672"}],"version-history":[{"count":1,"href":"https:\/\/entreriosbasquet.com\/site\/wp-json\/wp\/v2\/posts\/17672\/revisions"}],"predecessor-version":[{"id":17674,"href":"https:\/\/entreriosbasquet.com\/site\/wp-json\/wp\/v2\/posts\/17672\/revisions\/17674"}],"wp:featuredmedia":[{"embeddable":true,"href":"https:\/\/entreriosbasquet.com\/site\/wp-json\/wp\/v2\/media\/17673"}],"wp:attachment":[{"href":"https:\/\/entreriosbasquet.com\/site\/wp-json\/wp\/v2\/media?parent=17672"}],"wp:term":[{"taxonomy":"category","embeddable":true,"href":"https:\/\/entreriosbasquet.com\/site\/wp-json\/wp\/v2\/categories?post=17672"},{"taxonomy":"post_tag","embeddable":true,"href":"https:\/\/entreriosbasquet.com\/site\/wp-json\/wp\/v2\/tags?post=17672"}],"curies":[{"name":"wp","href":"https:\/\/api.w.org\/{rel}","templated":true}]}}