{"id":17540,"date":"2025-02-20T11:43:03","date_gmt":"2025-02-20T14:43:03","guid":{"rendered":"https:\/\/entreriosbasquet.com\/site\/?p=17540"},"modified":"2025-02-20T11:43:03","modified_gmt":"2025-02-20T14:43:03","slug":"correa-ferro-buscara-ser-competitivo-y-dar-el-maximo","status":"publish","type":"post","link":"https:\/\/entreriosbasquet.com\/site\/2025\/02\/20\/correa-ferro-buscara-ser-competitivo-y-dar-el-maximo\/","title":{"rendered":"Correa: \u00abFerro buscar\u00e1 ser competitivo y dar el m\u00e1ximo\u00bb"},"content":{"rendered":"<p style=\"text-align: justify;\">El entrenador de Ferrocarril, Luciano Correa, dialog\u00f3 con La Semana y Sansa Deportes sobre la pretemporada del equipo, que se prepara para afrontar la Liga Federal de B\u00e1squet, con inicio previsto para el 8 de marzo.<\/p>\n<p style=\"text-align: justify;\">\u00abIniciamos los entrenamientos con el plantel completo, m\u00e1s todos los juveniles que ya estaban en el Pre Federal, y sumamos algunos chicos m\u00e1s que creemos que deben vivir la experiencia de estar en primera\u00bb, expres\u00f3 Correa.<\/p>\n<p style=\"text-align: justify;\">El DT destac\u00f3 la importancia de ser competitivos y valorar la oportunidad de participar en el torneo: \u00abEs un campeonato muy dif\u00edcil y costoso econ\u00f3micamente, por eso tenemos que dar el m\u00e1ximo. La base del equipo es la misma de los \u00faltimos a\u00f1os y estamos conformes con el plantel, porque son los jugadores que buscamos traer\u00bb.<\/p>\n<p style=\"text-align: justify;\">En cuanto a la identidad de juego, Correa explic\u00f3: \u00abFerro siempre buscar\u00e1 jugar al 100%, con din\u00e1mica, corriendo, generando buenos tiros y aprovechando la cancha lo m\u00e1s grande posible para encontrar espacios y mejorar en las situaciones de pick and roll\u00bb.<\/p>\n<p style=\"text-align: justify;\">Sobre el formato del certamen, el DT se\u00f1al\u00f3 que a\u00fan no est\u00e1 definido, aunque lo l\u00f3gico ser\u00eda una zona con los nueve equipos de Entre R\u00edos. \u00abSabemos que va a ser duro porque la provincia es una de las m\u00e1s competitivas\u00bb, a\u00f1adi\u00f3.<\/p>\n<p style=\"text-align: justify;\">En la planificaci\u00f3n de la pretemporada, Ferro ya tiene programados algunos amistosos: \u00abNos pusimos de acuerdo con Alejandro Fiorido para hacer un ida y vuelta con Sportivo. Ya tenemos fechas confirmadas y vamos a ver si podemos sumar alguno m\u00e1s. Lo ideal ser\u00eda jugar cuatro partidos antes de arrancar\u00bb, indic\u00f3. Se confirm\u00f3 el primer cl\u00e1sico para este viernes 21,30 en Sportivo.<strong><br \/>\n<\/strong><\/p>\n<p style=\"text-align: justify;\">Respecto a la conformaci\u00f3n del equipo, Correa puntualiz\u00f3 en los refuerzos y las mejoras necesarias: \u00abApuntamos a reforzarnos en los puestos donde tuvimos dificultades en el Pre Federal. Lucas Nieto nos aportar\u00e1 fortaleza en el uno contra uno y agresividad en el pick and roll. Tambi\u00e9n cre\u00edamos que necesit\u00e1bamos un base natural y por eso trajimos a Dante Rewel, que adem\u00e1s tiene gol y experiencia. Berm\u00fadez se gan\u00f3 su continuidad, y tambi\u00e9n sumamos a Franco Maldonado, de Villaguay, para garantizar calidad en el juego interior\u00bb.<\/p>\n<p style=\"text-align: justify;\">Adem\u00e1s, Ferro apuesta al desarrollo de sus juveniles y a ampliar su participaci\u00f3n en distintos torneos: \u00abEl club jugar\u00e1 el U21 por primera vez y tambi\u00e9n disputar\u00e1 el Asociativo, lo que permitir\u00e1 que todos compitan en varios frentes. Es un paso adelante muy importante para la gente de Ferro\u00bb, concluy\u00f3 Correa.<\/p>\n<p><strong>Fuente: SanSal Deportes &#8211; La Semana<\/strong><\/p>\n","protected":false},"excerpt":{"rendered":"<p>El entrenador de Ferrocarril, Luciano Correa, dialog\u00f3 con La Semana y Sansa Deportes sobre la pretemporada del equipo, que se prepara para afrontar la Liga Federal de B\u00e1squet, con inicio previsto para el 8 de marzo. \u00abIniciamos los entrenamientos con el plantel completo, m\u00e1s todos los juveniles que ya estaban en el Pre Federal, y [&hellip;]<\/p>\n","protected":false},"author":1,"featured_media":17541,"comment_status":"closed","ping_status":"open","sticky":false,"template":"","format":"standard","meta":[],"categories":[16],"tags":[],"_links":{"self":[{"href":"https:\/\/entreriosbasquet.com\/site\/wp-json\/wp\/v2\/posts\/17540"}],"collection":[{"href":"https:\/\/entreriosbasquet.com\/site\/wp-json\/wp\/v2\/posts"}],"about":[{"href":"https:\/\/entreriosbasquet.com\/site\/wp-json\/wp\/v2\/types\/post"}],"author":[{"embeddable":true,"href":"https:\/\/entreriosbasquet.com\/site\/wp-json\/wp\/v2\/users\/1"}],"replies":[{"embeddable":true,"href":"https:\/\/entreriosbasquet.com\/site\/wp-json\/wp\/v2\/comments?post=17540"}],"version-history":[{"count":1,"href":"https:\/\/entreriosbasquet.com\/site\/wp-json\/wp\/v2\/posts\/17540\/revisions"}],"predecessor-version":[{"id":17542,"href":"https:\/\/entreriosbasquet.com\/site\/wp-json\/wp\/v2\/posts\/17540\/revisions\/17542"}],"wp:featuredmedia":[{"embeddable":true,"href":"https:\/\/entreriosbasquet.com\/site\/wp-json\/wp\/v2\/media\/17541"}],"wp:attachment":[{"href":"https:\/\/entreriosbasquet.com\/site\/wp-json\/wp\/v2\/media?parent=17540"}],"wp:term":[{"taxonomy":"category","embeddable":true,"href":"https:\/\/entreriosbasquet.com\/site\/wp-json\/wp\/v2\/categories?post=17540"},{"taxonomy":"post_tag","embeddable":true,"href":"https:\/\/entreriosbasquet.com\/site\/wp-json\/wp\/v2\/tags?post=17540"}],"curies":[{"name":"wp","href":"https:\/\/api.w.org\/{rel}","templated":true}]}}