{"id":17531,"date":"2025-02-14T11:06:27","date_gmt":"2025-02-14T14:06:27","guid":{"rendered":"https:\/\/entreriosbasquet.com\/site\/?p=17531"},"modified":"2025-02-20T11:08:24","modified_gmt":"2025-02-20T14:08:24","slug":"historica-edicion-de-la-liga-provincial-de-formativas","status":"publish","type":"post","link":"https:\/\/entreriosbasquet.com\/site\/2025\/02\/14\/historica-edicion-de-la-liga-provincial-de-formativas\/","title":{"rendered":"Hist\u00f3rica edici\u00f3n de la Liga Provincial de Formativas"},"content":{"rendered":"<p style=\"text-align: justify;\">Este fin de semana marcar\u00e1 el comienzo de una nueva edici\u00f3n de la Liga Provincial de categor\u00edas formativas U13, U15 y U17, un torneo que refleja el enorme compromiso de los clubes y el crecimiento del b\u00e1squet formativo en Entre R\u00edos. Organizada por la Federaci\u00f3n de B\u00e1squet de Entre R\u00edos (FBER), la competencia 2025 reunir\u00e1 a 48 equipos en la rama masculina y 21 en la femenina, consolid\u00e1ndose como un espacio fundamental para el desarrollo de los j\u00f3venes talentos y el fortalecimiento de las instituciones deportivas.<\/p>\n<p style=\"text-align: justify;\">La participaci\u00f3n de tantos clubes de distintos puntos de la provincia es una clara muestra del esfuerzo y la dedicaci\u00f3n, con dirigentes y padres que trabajan d\u00eda a d\u00eda para ofrecerles a sus jugadores la posibilidad de competir al m\u00e1s alto nivel y so\u00f1ar con clasificar para la Liga Federal de cada categor\u00eda.<\/p>\n<p style=\"text-align: justify;\">El presidente de la FBER,\u00a0<em><strong>Julio Gim\u00e9nez<\/strong><\/em>, mostr\u00f3 su entusiasmo por la cantidad de instituciones inscriptas en ambas ramas y asever\u00f3 que \u201cdesde la Federaci\u00f3n estamos muy contentos y orgullosos de la Liga Provincial de Formativas que se viene porque representa un verdadero s\u00edmbolo de integraci\u00f3n y crecimiento para el b\u00e1squet entrerriano\u201d.<\/p>\n<p style=\"text-align: justify;\">\u201cEste logro no ser\u00eda posible sin el compromiso inquebrantable de los clubes, que han puesto todo su esfuerzo para ser parte de esta competencia hist\u00f3rica. Sabemos del trabajo que hay detr\u00e1s de cada instituci\u00f3n, de cada dirigente, entrenador y jugador. Tambi\u00e9n queremos reconocer el apoyo invaluable de las familias y los padres, quienes acompa\u00f1an a los chicos en cada paso, alent\u00e1ndolos y sosteniendo este hermoso sue\u00f1o\u201d.<\/p>\n<p style=\"text-align: justify;\">En ese marco, el directivo agreg\u00f3: \u201cEsta Liga Provincial no es solo un torneo; es una oportunidad \u00fanica para que nuestros j\u00f3venes jugadores se desarrollen, crezcan y fortalezcan su estructura deportiva y humana. Es una competencia que no solo forja deportistas, sino tambi\u00e9n valores fundamentales para la vida. Estamos convencidos de que este es el camino para seguir potenciando nuestro b\u00e1squet, brindando herramientas a los clubes y a los chicos que representan el futuro de la disciplina en nuestra provincia\u201d.<\/p>\n","protected":false},"excerpt":{"rendered":"<p>Este fin de semana marcar\u00e1 el comienzo de una nueva edici\u00f3n de la Liga Provincial de categor\u00edas formativas U13, U15 y U17, un torneo que refleja el enorme compromiso de los clubes y el crecimiento del b\u00e1squet formativo en Entre R\u00edos. Organizada por la Federaci\u00f3n de B\u00e1squet de Entre R\u00edos (FBER), la competencia 2025 reunir\u00e1 [&hellip;]<\/p>\n","protected":false},"author":1,"featured_media":17532,"comment_status":"closed","ping_status":"open","sticky":false,"template":"","format":"standard","meta":[],"categories":[19],"tags":[],"_links":{"self":[{"href":"https:\/\/entreriosbasquet.com\/site\/wp-json\/wp\/v2\/posts\/17531"}],"collection":[{"href":"https:\/\/entreriosbasquet.com\/site\/wp-json\/wp\/v2\/posts"}],"about":[{"href":"https:\/\/entreriosbasquet.com\/site\/wp-json\/wp\/v2\/types\/post"}],"author":[{"embeddable":true,"href":"https:\/\/entreriosbasquet.com\/site\/wp-json\/wp\/v2\/users\/1"}],"replies":[{"embeddable":true,"href":"https:\/\/entreriosbasquet.com\/site\/wp-json\/wp\/v2\/comments?post=17531"}],"version-history":[{"count":1,"href":"https:\/\/entreriosbasquet.com\/site\/wp-json\/wp\/v2\/posts\/17531\/revisions"}],"predecessor-version":[{"id":17533,"href":"https:\/\/entreriosbasquet.com\/site\/wp-json\/wp\/v2\/posts\/17531\/revisions\/17533"}],"wp:featuredmedia":[{"embeddable":true,"href":"https:\/\/entreriosbasquet.com\/site\/wp-json\/wp\/v2\/media\/17532"}],"wp:attachment":[{"href":"https:\/\/entreriosbasquet.com\/site\/wp-json\/wp\/v2\/media?parent=17531"}],"wp:term":[{"taxonomy":"category","embeddable":true,"href":"https:\/\/entreriosbasquet.com\/site\/wp-json\/wp\/v2\/categories?post=17531"},{"taxonomy":"post_tag","embeddable":true,"href":"https:\/\/entreriosbasquet.com\/site\/wp-json\/wp\/v2\/tags?post=17531"}],"curies":[{"name":"wp","href":"https:\/\/api.w.org\/{rel}","templated":true}]}}