{"id":17444,"date":"2025-01-02T10:38:04","date_gmt":"2025-01-02T13:38:04","guid":{"rendered":"https:\/\/entreriosbasquet.com\/site\/?p=17444"},"modified":"2025-01-25T10:39:57","modified_gmt":"2025-01-25T13:39:57","slug":"cambios-en-rocamora-para-el-torneo-clausura","status":"publish","type":"post","link":"https:\/\/entreriosbasquet.com\/site\/2025\/01\/02\/cambios-en-rocamora-para-el-torneo-clausura\/","title":{"rendered":"Cambios en Rocamora para el Torneo Clausura"},"content":{"rendered":"<p style=\"text-align: justify;\">Mientras el plantel se prepara para retornar a las pr\u00e1cticas, la dirigencia se movi\u00f3 para concretar un par de cambios en el equipo de cara al Torneo Clausura. Tras la acordada salida de Agust\u00edn Richard y la lesi\u00f3n que sufri\u00f3 Juan Krapp se sumar\u00e1n el base Pedro Lorusso y el interno El\u00edas Molina.<\/p>\n<p style=\"text-align: justify;\">La partida de Agust\u00edn Richard ya estaba establecida desde comienzos de temporada en tanto que una seria lesi\u00f3n de rodilla que sufri\u00f3 Juan Cruz Krapp en el primer partido del Cuadrangular que se disput\u00f3 en Mar del Plata motiv\u00f3 que el Rojo se mueva en el mercado y de esta forma ser\u00e1n dos las caras nuevas para 2025.<\/p>\n<p style=\"text-align: justify;\">Una rotura de ligamentos privar\u00e1 al paranaense del resto de la temporada y por eso desde el cuerpo t\u00e9cnico, resto del plantel y dirigentes se solidarizaron y brindaron su apoyo al jugador que en la Fase Regular disput\u00f3 los 14 partidos con un promedio de 11.8 puntos, 4.9 rebotes y 1.7 asistencias.<\/p>\n<p style=\"text-align: justify;\">Para el manejo de la base llegar\u00e1 Pedro Joaqu\u00edn Lorusso, el ex River Plate en la pasada Liga Federal que est\u00e1 bajo la \u00f3rbita de la CAB. El armador de 28 a\u00f1os y nacido en San Miguel tiene 1.80 de altura y un paso reciente tambi\u00e9n en Los Indios de Moreno en la Liga Metropolitana de FEBAMBA.<\/p>\n<p style=\"text-align: justify;\"><span lang=\"ES-AR\">\u00abVengo a sumar a un equipo ya conformado desde el rol que me toque. Tengo muchas ganas de probarme en esta categor\u00eda y espero estar a la altura. Me hablaron del gran grupo humano que hay y eso me parece fundamental para pelear m\u00e1s arriba\u00bb, se\u00f1al\u00f3.<\/span><\/p>\n<p style=\"text-align: justify;\">La otra incorporaci\u00f3n ser\u00e1 El\u00edas Molina, de 22 a\u00f1os, nacido en La Rioja capital y se desempa\u00f1a como interno (4-5) gracias a sus 2.03 metros de altura. Formado en San Mart\u00edn de la ciudad riojana viene de ser parte de Atenas de Venado Tuerto donde jug\u00f3 el Torneo Apertura y tambi\u00e9n el Prefederal.<\/p>\n<p style=\"text-align: justify;\">El interno, quien lleva seis a\u00f1os en el equipo santafesino, en los dos \u00faltimos a\u00f1os form\u00f3 parte de la Selecci\u00f3n Argentina 3&#215;3. Particip\u00f3 en las recientes Nations League, Chile 2023 y M\u00e9xico 2024, y, en el mes de septiembre, form\u00f3 parte del equipo que jug\u00f3 el FIBA 3&#215;3 U23 World Cup 2024 que se celebr\u00f3 en Ul\u00e1n Bator, Mongolia.<\/p>\n<p style=\"text-align: justify;\"><span lang=\"ES-AR\">\u00abLlego con buenas expectativas, creo que tendremos una buena temporada con un equipo fuerte. Por lo que s\u00e9 hay muchos chicos y tengo amigos que me dieron buenas referencias del club. En lo personal, intentar\u00e9 sumarle al equipo en lo que necesite; tanto en defensa como en ataque. Y siempre estar\u00e9 dispuesto para sumar en lo que haga falta\u00bb, manifest\u00f3.<\/span><\/p>\n","protected":false},"excerpt":{"rendered":"<p>Mientras el plantel se prepara para retornar a las pr\u00e1cticas, la dirigencia se movi\u00f3 para concretar un par de cambios en el equipo de cara al Torneo Clausura. Tras la acordada salida de Agust\u00edn Richard y la lesi\u00f3n que sufri\u00f3 Juan Krapp se sumar\u00e1n el base Pedro Lorusso y el interno El\u00edas Molina. La partida [&hellip;]<\/p>\n","protected":false},"author":1,"featured_media":17445,"comment_status":"closed","ping_status":"open","sticky":false,"template":"","format":"standard","meta":[],"categories":[11],"tags":[],"_links":{"self":[{"href":"https:\/\/entreriosbasquet.com\/site\/wp-json\/wp\/v2\/posts\/17444"}],"collection":[{"href":"https:\/\/entreriosbasquet.com\/site\/wp-json\/wp\/v2\/posts"}],"about":[{"href":"https:\/\/entreriosbasquet.com\/site\/wp-json\/wp\/v2\/types\/post"}],"author":[{"embeddable":true,"href":"https:\/\/entreriosbasquet.com\/site\/wp-json\/wp\/v2\/users\/1"}],"replies":[{"embeddable":true,"href":"https:\/\/entreriosbasquet.com\/site\/wp-json\/wp\/v2\/comments?post=17444"}],"version-history":[{"count":1,"href":"https:\/\/entreriosbasquet.com\/site\/wp-json\/wp\/v2\/posts\/17444\/revisions"}],"predecessor-version":[{"id":17446,"href":"https:\/\/entreriosbasquet.com\/site\/wp-json\/wp\/v2\/posts\/17444\/revisions\/17446"}],"wp:featuredmedia":[{"embeddable":true,"href":"https:\/\/entreriosbasquet.com\/site\/wp-json\/wp\/v2\/media\/17445"}],"wp:attachment":[{"href":"https:\/\/entreriosbasquet.com\/site\/wp-json\/wp\/v2\/media?parent=17444"}],"wp:term":[{"taxonomy":"category","embeddable":true,"href":"https:\/\/entreriosbasquet.com\/site\/wp-json\/wp\/v2\/categories?post=17444"},{"taxonomy":"post_tag","embeddable":true,"href":"https:\/\/entreriosbasquet.com\/site\/wp-json\/wp\/v2\/tags?post=17444"}],"curies":[{"name":"wp","href":"https:\/\/api.w.org\/{rel}","templated":true}]}}