{"id":17415,"date":"2024-12-21T21:58:40","date_gmt":"2024-12-22T00:58:40","guid":{"rendered":"https:\/\/entreriosbasquet.com\/site\/?p=17415"},"modified":"2024-12-25T22:00:16","modified_gmt":"2024-12-26T01:00:16","slug":"rosario-del-tala-capital-del-minibasquet-de-la-provincia","status":"publish","type":"post","link":"https:\/\/entreriosbasquet.com\/site\/2024\/12\/21\/rosario-del-tala-capital-del-minibasquet-de-la-provincia\/","title":{"rendered":"\u00bfRosario del Tala capital del Minib\u00e1squet de la provincia?"},"content":{"rendered":"<p style=\"text-align: justify;\">En 1974 Tala fue sede del Primer Festival Provincial de Minib\u00e1squet. A 50 a\u00f1os de la realizaci\u00f3n de aquel evento se present\u00f3 un proyecto para su tratamiento en la Legislatura.<\/p>\n<p style=\"text-align: justify;\">A medio siglo del Primer Festival Provincial de Minib\u00e1squet, la localidad de Rosario del Tala planea celebrar con un Campeonato Argentino de Mini a llevarse a cabo en el 2025.<\/p>\n<p style=\"text-align: justify;\">Con motivo del cincuentenario de aquel episodio tan significativo para la historia local, se present\u00f3 un Proyecto de Ordenanza en el Consejo Deliberante de Rosario del Tala. El mismo consta de cuatro art\u00edculos d\u00f3nde se pide por la declaraci\u00f3n de Rosario del Tala c\u00f3mo Cuna y Capital Provincial del Mini B\u00e1squet.<\/p>\n<p style=\"text-align: justify;\">En el Art\u00edculo 2 se instruye al ejecutivo Municipal para que arbitre todos los medios y mecanismos de gesti\u00f3n ante las C\u00e1maras Legislativa Provincial.<\/p>\n<p style=\"text-align: justify;\">Si bien, el proyecto presentado por el Concejal Hugo Rossetti no ha tenido tratamiento; se prev\u00e9 que el mismo sea tratado para las primeras sesiones de 2025. Por la informaci\u00f3n que pudo recabar este informe, la idea original ha tenido una recepci\u00f3n positiva tanto en el \u00e1mbito pol\u00edtico como en el deportivo.<\/p>\n<p style=\"text-align: justify;\">Seg\u00fan pudo saber en el informe publicada por An\u00e1lisis Digital, el senador departamental Juan Conti (Partido Justicialista) expres\u00f3 todo su apoyo y compromiso para la segunda instancia que se resolver\u00e1 en la Casa Gris de la capital provincial, donde Tala buscar\u00e1 obtener ese reconocimiento hist\u00f3rico.<\/p>\n<p style=\"text-align: justify;\">Informalmente, el ex Intendente de Maci\u00e1, Juan Conti, habr\u00eda manifestado la intenci\u00f3n de que una vez aprobado en la Legislatura Provincial, el proyecto pueda seguir hasta una tercera instancia y llegar al Congreso Nacional para que Tala sea declarada \u201cCuna y Capital Nacional del Minib\u00e1squet\u201d.<\/p>\n","protected":false},"excerpt":{"rendered":"<p>En 1974 Tala fue sede del Primer Festival Provincial de Minib\u00e1squet. A 50 a\u00f1os de la realizaci\u00f3n de aquel evento se present\u00f3 un proyecto para su tratamiento en la Legislatura. A medio siglo del Primer Festival Provincial de Minib\u00e1squet, la localidad de Rosario del Tala planea celebrar con un Campeonato Argentino de Mini a llevarse [&hellip;]<\/p>\n","protected":false},"author":1,"featured_media":17416,"comment_status":"closed","ping_status":"open","sticky":false,"template":"","format":"standard","meta":[],"categories":[20],"tags":[],"_links":{"self":[{"href":"https:\/\/entreriosbasquet.com\/site\/wp-json\/wp\/v2\/posts\/17415"}],"collection":[{"href":"https:\/\/entreriosbasquet.com\/site\/wp-json\/wp\/v2\/posts"}],"about":[{"href":"https:\/\/entreriosbasquet.com\/site\/wp-json\/wp\/v2\/types\/post"}],"author":[{"embeddable":true,"href":"https:\/\/entreriosbasquet.com\/site\/wp-json\/wp\/v2\/users\/1"}],"replies":[{"embeddable":true,"href":"https:\/\/entreriosbasquet.com\/site\/wp-json\/wp\/v2\/comments?post=17415"}],"version-history":[{"count":1,"href":"https:\/\/entreriosbasquet.com\/site\/wp-json\/wp\/v2\/posts\/17415\/revisions"}],"predecessor-version":[{"id":17417,"href":"https:\/\/entreriosbasquet.com\/site\/wp-json\/wp\/v2\/posts\/17415\/revisions\/17417"}],"wp:featuredmedia":[{"embeddable":true,"href":"https:\/\/entreriosbasquet.com\/site\/wp-json\/wp\/v2\/media\/17416"}],"wp:attachment":[{"href":"https:\/\/entreriosbasquet.com\/site\/wp-json\/wp\/v2\/media?parent=17415"}],"wp:term":[{"taxonomy":"category","embeddable":true,"href":"https:\/\/entreriosbasquet.com\/site\/wp-json\/wp\/v2\/categories?post=17415"},{"taxonomy":"post_tag","embeddable":true,"href":"https:\/\/entreriosbasquet.com\/site\/wp-json\/wp\/v2\/tags?post=17415"}],"curies":[{"name":"wp","href":"https:\/\/api.w.org\/{rel}","templated":true}]}}