{"id":17402,"date":"2024-12-25T21:16:30","date_gmt":"2024-12-26T00:16:30","guid":{"rendered":"https:\/\/entreriosbasquet.com\/site\/?p=17402"},"modified":"2024-12-25T21:16:30","modified_gmt":"2024-12-26T00:16:30","slug":"reunion-del-consejo-directivo-fber","status":"publish","type":"post","link":"https:\/\/entreriosbasquet.com\/site\/2024\/12\/25\/reunion-del-consejo-directivo-fber\/","title":{"rendered":"Reuni\u00f3n del Consejo Directivo FBER"},"content":{"rendered":"<p style=\"text-align: justify;\">Durante las jornadas de viernes y s\u00e1bado de la pasada semana, estuvo reunido el Consejo Directivo de la Federaci\u00f3n de B\u00e1squetbol de Entre R\u00edos (FBER). En la reuni\u00f3n, presidida por Julio Isa\u00edas Gim\u00e9nez, presidente de la entidad, estuvieron representadas todas las Asociaciones que integran la entidad madre del b\u00e1squetbol entrerriano.<\/p>\n<p style=\"text-align: justify;\"><strong>COMPETENCIA FEDERATIVA DE FORMATIVAS<\/strong><\/p>\n<p style=\"text-align: justify;\">En ese marco, se aprob\u00f3 el cronograma de actividades de la FBER para el a\u00f1o 2025. La fecha de inicio de la competencia de la Liga Provincial de Clubes (U13, U15 y U17) se fij\u00f3 para el 15 de febrero para el masculino y el 16 de febrero para el femenino.<\/p>\n<p style=\"text-align: justify;\">Se estableci\u00f3 para el d\u00eda 8 de febrero de 2025, una reuni\u00f3n de clubes para este torneo y categor\u00edas a los fines organizativos, y como estaba previsto, se va a jugar con el mismo formato del a\u00f1o 2024, es decir, la primera etapa regionalizada.<\/p>\n<p style=\"text-align: justify;\">Asimismo, se aprob\u00f3 la competencia de la categor\u00eda U11 conforme a que la Confederaci\u00f3n Argentina (CAB) program\u00f3 la misma y desde la Federaci\u00f3n se debe brindar esta competencia o torneo a todos los clubes entrerrianos que deseen participar de la Liga Nacional U11.<\/p>\n<p style=\"text-align: justify;\"><strong>CAMPEONATOS ENTRERRIANOS DE SELECCIONES<\/strong><\/p>\n<p style=\"text-align: justify;\">Se fijaron las fechas de realizaci\u00f3n de los torneos Entrerrianos de Selecciones Masculinas. El comienzo ser\u00e1 el 26 de julio con el Entrerriano U21 en Concepci\u00f3n del Uruguay; el 22, 23 y 24 de agosto se llevar\u00e1 a cabo el U13 en Col\u00f3n; en Gualeguaych\u00fa los d\u00edas 26, 27 y 28 de septiembre se desarrollar\u00e1 el U17, mientras que la Asociaci\u00f3n de Paran\u00e1 tendr\u00e1 la organizaci\u00f3n del U15 para los d\u00edas 24, 25 y 26 de octubre.<\/p>\n<p style=\"text-align: justify;\">En lo que respecta a los Entrerrianos de Selecciones Femenino (U13, U15, U17 y U21), se fij\u00f3 la fecha tope del 30 de marzo para que las Asociaciones presenten propuesta para su organizaci\u00f3n.<\/p>\n<p style=\"text-align: justify;\">En tanto, se propuso trabajar en la organizaci\u00f3n para llevar a cabo un Torneo Entrerriano de 3\u00d73 por Asociaci\u00f3n, tanto en femenino como masculino, para la categor\u00eda U19 y Mayores con posible sede en la ciudad de Villaguay.<\/p>\n<p style=\"text-align: justify;\"><strong>COMISI\u00d3N T\u00c9CNICA ARBITRAL<\/strong><\/p>\n<p style=\"text-align: justify;\">El presidente de la Comisi\u00f3n T\u00e9cnica Arbitral de la FBER, Diego Cherot, brind\u00f3 un informe de todo lo actuado en el a\u00f1o por parte de la Comisi\u00f3n T\u00e9cnica. En ese marco, hizo saber que se llev\u00f3 a cabo el curso de aspirantes a Comisionados T\u00e9cnicos y que el 1 y 2 de febrero de 2025 se llevar\u00e1 a cabo la Cl\u00ednica de Rev\u00e1lida para \u00e1rbitros y comisionados t\u00e9cnicos, la cual estar\u00e1 dictada por un instructor CAB y un psic\u00f3logo deportivo, que disertar\u00e1 en dicha cl\u00ednica y dar\u00e1 un curso de RCP.<\/p>\n<p style=\"text-align: justify;\">Se determin\u00f3 que se llevar\u00e1 a cabo inspecci\u00f3n de Cancha en todos los gimnasios que practiquen b\u00e1squet para verificar en qu\u00e9 condiciones se encuentran en general y as\u00ed evaluar si corresponde o no mejoras en los mismos, con el objetivo de brindar un mejor bienestar a jugadores y p\u00fablico en general que asista a un encuentro de b\u00e1squet.<\/p>\n<p style=\"text-align: justify;\"><strong>\u00c1REA DE COMUNICACI\u00d3N<\/strong><\/p>\n<p style=\"text-align: justify;\">El \u00c1rea de Comunicaci\u00f3n y Marketing de la FBER brind\u00f3 un detallado informe respecto de las acciones realizadas a lo largo del 2024, el notable crecimiento de visualizaciones en redes sociales y streaming a partir de la Liga Provincial de Mayores \u201c40 A\u00f1os\u201d, con las incorporaciones de nuevos elementos. Adem\u00e1s, se consolid\u00f3 la relaci\u00f3n con los medios de prensa a trav\u00e9s de la comunicaci\u00f3n de aspectos institucionales y deportivos.<\/p>\n","protected":false},"excerpt":{"rendered":"<p>Durante las jornadas de viernes y s\u00e1bado de la pasada semana, estuvo reunido el Consejo Directivo de la Federaci\u00f3n de B\u00e1squetbol de Entre R\u00edos (FBER). En la reuni\u00f3n, presidida por Julio Isa\u00edas Gim\u00e9nez, presidente de la entidad, estuvieron representadas todas las Asociaciones que integran la entidad madre del b\u00e1squetbol entrerriano. COMPETENCIA FEDERATIVA DE FORMATIVAS En [&hellip;]<\/p>\n","protected":false},"author":1,"featured_media":17403,"comment_status":"closed","ping_status":"open","sticky":false,"template":"","format":"standard","meta":[],"categories":[20],"tags":[],"_links":{"self":[{"href":"https:\/\/entreriosbasquet.com\/site\/wp-json\/wp\/v2\/posts\/17402"}],"collection":[{"href":"https:\/\/entreriosbasquet.com\/site\/wp-json\/wp\/v2\/posts"}],"about":[{"href":"https:\/\/entreriosbasquet.com\/site\/wp-json\/wp\/v2\/types\/post"}],"author":[{"embeddable":true,"href":"https:\/\/entreriosbasquet.com\/site\/wp-json\/wp\/v2\/users\/1"}],"replies":[{"embeddable":true,"href":"https:\/\/entreriosbasquet.com\/site\/wp-json\/wp\/v2\/comments?post=17402"}],"version-history":[{"count":1,"href":"https:\/\/entreriosbasquet.com\/site\/wp-json\/wp\/v2\/posts\/17402\/revisions"}],"predecessor-version":[{"id":17404,"href":"https:\/\/entreriosbasquet.com\/site\/wp-json\/wp\/v2\/posts\/17402\/revisions\/17404"}],"wp:featuredmedia":[{"embeddable":true,"href":"https:\/\/entreriosbasquet.com\/site\/wp-json\/wp\/v2\/media\/17403"}],"wp:attachment":[{"href":"https:\/\/entreriosbasquet.com\/site\/wp-json\/wp\/v2\/media?parent=17402"}],"wp:term":[{"taxonomy":"category","embeddable":true,"href":"https:\/\/entreriosbasquet.com\/site\/wp-json\/wp\/v2\/categories?post=17402"},{"taxonomy":"post_tag","embeddable":true,"href":"https:\/\/entreriosbasquet.com\/site\/wp-json\/wp\/v2\/tags?post=17402"}],"curies":[{"name":"wp","href":"https:\/\/api.w.org\/{rel}","templated":true}]}}