{"id":17345,"date":"2024-12-02T01:08:49","date_gmt":"2024-12-02T04:08:49","guid":{"rendered":"https:\/\/entreriosbasquet.com\/site\/?p=17345"},"modified":"2024-12-06T01:10:14","modified_gmt":"2024-12-06T04:10:14","slug":"homenaje-a-javier-mendoza","status":"publish","type":"post","link":"https:\/\/entreriosbasquet.com\/site\/2024\/12\/02\/homenaje-a-javier-mendoza\/","title":{"rendered":"Homenaje a Javier Mendoza"},"content":{"rendered":"<p style=\"text-align: justify;\">Antes del inicio del Juego 2 de la Final de la Liga Provincial, la Federaci\u00f3n de B\u00e1squet de Entre R\u00edos (FBER) realiz\u00f3 un homenaje a Javier Mendoza, \u00e1rbitro que se retir\u00f3 de la competencia federativa hace apenas algunos d\u00edas, luego de m\u00e1s de 45 a\u00f1os como juez provincial.<\/p>\n<p style=\"text-align: justify;\">Mendoza lanz\u00f3 el salto inicial de manera simb\u00f3lica y recibi\u00f3 los aplausos de todos los presentes en el gimnasio \u201cJos\u00e9 Mar\u00eda B\u00e9rtora\u201d.<\/p>\n<p style=\"text-align: justify;\">\u201cPor sus a\u00f1os de profesionalismo y dedicaci\u00f3n a la entidad madre del B\u00e1squet Entrerriano. Tu ejemplo de l\u00edder y entrega quedar\u00e1n marcados en la historia de nuestro deporte\u201d, destac\u00f3 el texto de la plaqueta entregada por dirigentes federativos.<\/p>\n<p style=\"text-align: justify;\">Por la FBER estuvieron presentes el vicepresidente Carlos Scola; el secretario General Ariel Rey; el vocal Alejandro Poeti y el presidente de la Comisi\u00f3n T\u00e9cnica Diego Cherot.<\/p>\n","protected":false},"excerpt":{"rendered":"<p>Antes del inicio del Juego 2 de la Final de la Liga Provincial, la Federaci\u00f3n de B\u00e1squet de Entre R\u00edos (FBER) realiz\u00f3 un homenaje a Javier Mendoza, \u00e1rbitro que se retir\u00f3 de la competencia federativa hace apenas algunos d\u00edas, luego de m\u00e1s de 45 a\u00f1os como juez provincial. Mendoza lanz\u00f3 el salto inicial de manera [&hellip;]<\/p>\n","protected":false},"author":1,"featured_media":17346,"comment_status":"closed","ping_status":"open","sticky":false,"template":"","format":"standard","meta":[],"categories":[20],"tags":[],"_links":{"self":[{"href":"https:\/\/entreriosbasquet.com\/site\/wp-json\/wp\/v2\/posts\/17345"}],"collection":[{"href":"https:\/\/entreriosbasquet.com\/site\/wp-json\/wp\/v2\/posts"}],"about":[{"href":"https:\/\/entreriosbasquet.com\/site\/wp-json\/wp\/v2\/types\/post"}],"author":[{"embeddable":true,"href":"https:\/\/entreriosbasquet.com\/site\/wp-json\/wp\/v2\/users\/1"}],"replies":[{"embeddable":true,"href":"https:\/\/entreriosbasquet.com\/site\/wp-json\/wp\/v2\/comments?post=17345"}],"version-history":[{"count":1,"href":"https:\/\/entreriosbasquet.com\/site\/wp-json\/wp\/v2\/posts\/17345\/revisions"}],"predecessor-version":[{"id":17347,"href":"https:\/\/entreriosbasquet.com\/site\/wp-json\/wp\/v2\/posts\/17345\/revisions\/17347"}],"wp:featuredmedia":[{"embeddable":true,"href":"https:\/\/entreriosbasquet.com\/site\/wp-json\/wp\/v2\/media\/17346"}],"wp:attachment":[{"href":"https:\/\/entreriosbasquet.com\/site\/wp-json\/wp\/v2\/media?parent=17345"}],"wp:term":[{"taxonomy":"category","embeddable":true,"href":"https:\/\/entreriosbasquet.com\/site\/wp-json\/wp\/v2\/categories?post=17345"},{"taxonomy":"post_tag","embeddable":true,"href":"https:\/\/entreriosbasquet.com\/site\/wp-json\/wp\/v2\/tags?post=17345"}],"curies":[{"name":"wp","href":"https:\/\/api.w.org\/{rel}","templated":true}]}}