{"id":17337,"date":"2024-11-27T15:41:48","date_gmt":"2024-11-27T18:41:48","guid":{"rendered":"https:\/\/entreriosbasquet.com\/site\/?p=17337"},"modified":"2024-11-28T01:45:49","modified_gmt":"2024-11-28T04:45:49","slug":"entre-rios-se-alista-para-los-juegos-de-la-region-centro","status":"publish","type":"post","link":"https:\/\/entreriosbasquet.com\/site\/2024\/11\/27\/entre-rios-se-alista-para-los-juegos-de-la-region-centro\/","title":{"rendered":"Entre R\u00edos se alista para los Juegos de la Regi\u00f3n Centro"},"content":{"rendered":"<div class=\"x11i5rnm xat24cr x1mh8g0r x1vvkbs xtlvy1s x126k92a\">\n<div dir=\"auto\" style=\"text-align: justify;\">El Seleccionado femenino U15 de Entre R\u00edos comenz\u00f3 su concentraci\u00f3n en la ciudad de Paran\u00e1, prepar\u00e1ndose para disputar los Juegos de la Regi\u00f3n Centro, que se desarrollar\u00e1n en Santa Fe del viernes al domingo pr\u00f3ximo.<\/div>\n<\/div>\n<div class=\"x11i5rnm xat24cr x1mh8g0r x1vvkbs xtlvy1s x126k92a\">\n<div dir=\"auto\"><\/div>\n<div dir=\"auto\" style=\"text-align: justify;\">La sesi\u00f3n de entrenamiento inaugural del equipo dirigido por Fernanda Joann\u00e1s se llev\u00f3 a cabo esta ma\u00f1ana en el estadio Luis Butta del Atl\u00e9tico Echag\u00fce Club.<\/div>\n<\/div>\n<div class=\"x11i5rnm xat24cr x1mh8g0r x1vvkbs xtlvy1s x126k92a\">\n<div dir=\"auto\"><\/div>\n<div dir=\"auto\">\u00a0<strong>PLANTEL CONFIRMADO<\/strong><\/div>\n<ol>\n<li dir=\"auto\" style=\"text-align: left;\">D\u00edaz Rivero, Olivia<\/li>\n<li dir=\"auto\" style=\"text-align: left;\">Barcel\u00f3, Zahiara<\/li>\n<li dir=\"auto\" style=\"text-align: left;\">Cherot Magri, Santina<\/li>\n<li dir=\"auto\" style=\"text-align: left;\">Chiapella, Guadalupe<\/li>\n<li dir=\"auto\" style=\"text-align: left;\">Chiara, Joselin<\/li>\n<li dir=\"auto\" style=\"text-align: left;\">Gonz\u00e1lez, Manuela<\/li>\n<li dir=\"auto\" style=\"text-align: left;\">Hdele, Sara<\/li>\n<li dir=\"auto\" style=\"text-align: left;\">B\u00e1rbara, Rosario<\/li>\n<li dir=\"auto\" style=\"text-align: left;\">Losada, Florencia<\/li>\n<li dir=\"auto\" style=\"text-align: left;\">Navarro, Guadalupe<\/li>\n<\/ol>\n<div dir=\"auto\" style=\"text-align: left;\"><span class=\"html-span xexx8yu x4uap5 x18d9i69 xkhd6sd x1hl2dhg x16tdsg8 x1vvkbs x3nfvp2 x1j61x8r x1fcty0u xdj266r xat24cr xgzva0m xhhsvwb xxymvpz xlup9mm x1kky2od\"><br \/>\nDT: Joann\u00e1s, Fernanda<\/span><\/div>\n<div dir=\"auto\" style=\"text-align: left;\">AT: Albornoz, Dar\u00edo<\/div>\n<div dir=\"auto\" style=\"text-align: left;\">PF: Deconstanzio, Bruno<\/div>\n<div dir=\"auto\" style=\"text-align: left;\">JE: Almada, Rosario<\/div>\n<\/div>\n","protected":false},"excerpt":{"rendered":"<p>El Seleccionado femenino U15 de Entre R\u00edos comenz\u00f3 su concentraci\u00f3n en la ciudad de Paran\u00e1, prepar\u00e1ndose para disputar los Juegos de la Regi\u00f3n Centro, que se desarrollar\u00e1n en Santa Fe del viernes al domingo pr\u00f3ximo. La sesi\u00f3n de entrenamiento inaugural del equipo dirigido por Fernanda Joann\u00e1s se llev\u00f3 a cabo esta ma\u00f1ana en el estadio [&hellip;]<\/p>\n","protected":false},"author":1,"featured_media":17338,"comment_status":"closed","ping_status":"open","sticky":false,"template":"","format":"standard","meta":[],"categories":[21],"tags":[],"_links":{"self":[{"href":"https:\/\/entreriosbasquet.com\/site\/wp-json\/wp\/v2\/posts\/17337"}],"collection":[{"href":"https:\/\/entreriosbasquet.com\/site\/wp-json\/wp\/v2\/posts"}],"about":[{"href":"https:\/\/entreriosbasquet.com\/site\/wp-json\/wp\/v2\/types\/post"}],"author":[{"embeddable":true,"href":"https:\/\/entreriosbasquet.com\/site\/wp-json\/wp\/v2\/users\/1"}],"replies":[{"embeddable":true,"href":"https:\/\/entreriosbasquet.com\/site\/wp-json\/wp\/v2\/comments?post=17337"}],"version-history":[{"count":2,"href":"https:\/\/entreriosbasquet.com\/site\/wp-json\/wp\/v2\/posts\/17337\/revisions"}],"predecessor-version":[{"id":17340,"href":"https:\/\/entreriosbasquet.com\/site\/wp-json\/wp\/v2\/posts\/17337\/revisions\/17340"}],"wp:featuredmedia":[{"embeddable":true,"href":"https:\/\/entreriosbasquet.com\/site\/wp-json\/wp\/v2\/media\/17338"}],"wp:attachment":[{"href":"https:\/\/entreriosbasquet.com\/site\/wp-json\/wp\/v2\/media?parent=17337"}],"wp:term":[{"taxonomy":"category","embeddable":true,"href":"https:\/\/entreriosbasquet.com\/site\/wp-json\/wp\/v2\/categories?post=17337"},{"taxonomy":"post_tag","embeddable":true,"href":"https:\/\/entreriosbasquet.com\/site\/wp-json\/wp\/v2\/tags?post=17337"}],"curies":[{"name":"wp","href":"https:\/\/api.w.org\/{rel}","templated":true}]}}