{"id":17308,"date":"2024-11-23T09:57:27","date_gmt":"2024-11-23T12:57:27","guid":{"rendered":"https:\/\/entreriosbasquet.com\/site\/?p=17308"},"modified":"2024-11-23T09:57:27","modified_gmt":"2024-11-23T12:57:27","slug":"se-definen-las-copas-de-la-liga-femenina-u12","status":"publish","type":"post","link":"https:\/\/entreriosbasquet.com\/site\/2024\/11\/23\/se-definen-las-copas-de-la-liga-femenina-u12\/","title":{"rendered":"Se definen las Copas de la Liga Femenina U12"},"content":{"rendered":"<article id=\"post-10234\" class=\"post-10234 post type-post status-publish format-standard has-post-thumbnail hentry category-destacadas category-formativas-femenino\">\n<div class=\"entry-content\">\n<p>Este s\u00e1bado se desarrollar\u00e1n las definiciones de las Copas de Oro, Plata y Bronce de la Liga Provincial Femenina de la categor\u00eda U12, certamen organizado por la Federaci\u00f3n de B\u00e1squet de Entre R\u00edos (FBER)<\/p>\n<p>El t\u00edtulo de la competencia del se definir\u00e1 en la localidad de Rosario del Tala, con la participaci\u00f3n del local Atl\u00e9tico, el Club Atl\u00e9tico Villa Elisa y Parque Sur de Concepci\u00f3n del Uruguay. Ser\u00e1 un triangular de todos contra todos y quien finalice como l\u00edder ser\u00e1 el campe\u00f3n.<\/p>\n<p>Por otra parte, la Copa de Plata tendr\u00e1 como anfitri\u00f3n a Independiente de La Paz, en tanto que la de Bronce se jugar\u00e1 bajo la organizaci\u00f3n de Progreso de Santa Elena.<\/p>\n<p><strong>COPA DE ORO: SEDE ATLETICO TALA<\/strong><\/p>\n<p>10 hs:: ATLETICO TALA \u2013 CAVE<\/p>\n<p>14 hs.: PARQUE SUR \u2013 CAVE<\/p>\n<p>18 hs.: ATLETICO TALA \u2013 PARQUE SUR<\/p>\n<p><strong>COPA DE PLATA: SEDE INDEPENDIENTE (La Paz)<\/strong><\/p>\n<p>10 hs:: INDEPENDIENTE \u2013 URQUIZA<\/p>\n<p>14 hs.: REGATAS \u2013 URQUIZA<\/p>\n<p>18 hs.: INDEPENDIENTE \u2013 REGATAS<\/p>\n<p><strong>COPA DE BRONCE: SEDE PROGRESO (Santa Elena)<\/strong><\/p>\n<p>10 hs:: PROGRESO \u2013 ECHAG\u00dcE<\/p>\n<p>14 hs.: COMERCIO \u2013 ECHAG\u00dcE<\/p>\n<p>18 hs.: PROGRESO \u2013 COMERCIO<\/p>\n<\/div>\n<\/article>\n<nav class=\"navigation post-navigation\" aria-label=\"Entradas\">\n<h2 class=\"screen-reader-text\">Navegaci\u00f3n de entradas<\/h2>\n<div class=\"nav-links\"><\/div>\n<\/nav>\n","protected":false},"excerpt":{"rendered":"<p>Este s\u00e1bado se desarrollar\u00e1n las definiciones de las Copas de Oro, Plata y Bronce de la Liga Provincial Femenina de la categor\u00eda U12, certamen organizado por la Federaci\u00f3n de B\u00e1squet de Entre R\u00edos (FBER) El t\u00edtulo de la competencia del se definir\u00e1 en la localidad de Rosario del Tala, con la participaci\u00f3n del local Atl\u00e9tico, [&hellip;]<\/p>\n","protected":false},"author":1,"featured_media":17309,"comment_status":"closed","ping_status":"open","sticky":false,"template":"","format":"standard","meta":[],"categories":[21],"tags":[],"_links":{"self":[{"href":"https:\/\/entreriosbasquet.com\/site\/wp-json\/wp\/v2\/posts\/17308"}],"collection":[{"href":"https:\/\/entreriosbasquet.com\/site\/wp-json\/wp\/v2\/posts"}],"about":[{"href":"https:\/\/entreriosbasquet.com\/site\/wp-json\/wp\/v2\/types\/post"}],"author":[{"embeddable":true,"href":"https:\/\/entreriosbasquet.com\/site\/wp-json\/wp\/v2\/users\/1"}],"replies":[{"embeddable":true,"href":"https:\/\/entreriosbasquet.com\/site\/wp-json\/wp\/v2\/comments?post=17308"}],"version-history":[{"count":1,"href":"https:\/\/entreriosbasquet.com\/site\/wp-json\/wp\/v2\/posts\/17308\/revisions"}],"predecessor-version":[{"id":17310,"href":"https:\/\/entreriosbasquet.com\/site\/wp-json\/wp\/v2\/posts\/17308\/revisions\/17310"}],"wp:featuredmedia":[{"embeddable":true,"href":"https:\/\/entreriosbasquet.com\/site\/wp-json\/wp\/v2\/media\/17309"}],"wp:attachment":[{"href":"https:\/\/entreriosbasquet.com\/site\/wp-json\/wp\/v2\/media?parent=17308"}],"wp:term":[{"taxonomy":"category","embeddable":true,"href":"https:\/\/entreriosbasquet.com\/site\/wp-json\/wp\/v2\/categories?post=17308"},{"taxonomy":"post_tag","embeddable":true,"href":"https:\/\/entreriosbasquet.com\/site\/wp-json\/wp\/v2\/tags?post=17308"}],"curies":[{"name":"wp","href":"https:\/\/api.w.org\/{rel}","templated":true}]}}