{"id":17228,"date":"2024-10-16T00:02:45","date_gmt":"2024-10-16T03:02:45","guid":{"rendered":"https:\/\/entreriosbasquet.com\/site\/?p=17228"},"modified":"2024-10-21T00:06:22","modified_gmt":"2024-10-21T03:06:22","slug":"mateo-eckert-vouk-jugara-el-sudamericano-u15","status":"publish","type":"post","link":"https:\/\/entreriosbasquet.com\/site\/2024\/10\/16\/mateo-eckert-vouk-jugara-el-sudamericano-u15\/","title":{"rendered":"Mateo Eckert Vouk jugar\u00e1 el Sudamericano U15"},"content":{"rendered":"<p style=\"text-align: justify;\">La Selecci\u00f3n Nacional U15 masculina confirm\u00f3 su plantel para el Sudamericano de la categor\u00eda, que se desarrollar\u00e1 del 21 al 27 de octubre en Pasaje, Ecuador. Los chicos se encuentran concentrados en el CeNARD desde el pasado 7 de octubre. Hay tres plazas disponibles para la AmeriCup U16 del a\u00f1o pr\u00f3ximo.<\/p>\n<p style=\"text-align: justify;\">El cuerpo t\u00e9cnico que encabeza Juan Pablo Fern\u00e1ndez dio a conocer la n\u00f3mina de doce jugadores, entre los que se encuentra el entrerriano\u00a0<strong>Mateo Eckert Vouk<\/strong>, de Luis Luciano de Urdinarrain, que tendr\u00e1n su primera experiencia representando a nuestro pa\u00eds en un certamen internacional. La lista incluye once j\u00f3venes que militan en el \u00e1mbito local y uno nacido en el 2010, es decir, que da un a\u00f1o de ventaja con respecto al resto de la competencia.<\/p>\n<p style=\"text-align: justify;\">En el cita internacional, nuestro pa\u00eds compartir\u00e1 el Grupo B junto a Paraguay, Colombia y Ecuador. Si bien la competencia empieza el 21, Argentina reci\u00e9n debutar\u00e1 el mi\u00e9rcoles 23 ante el due\u00f1o de casa. Luego de una fase regular de todos contra todos, los dos mejores de cada zona acceder\u00e1n a las semifinales del s\u00e1bado 26. Quienes finalicen en los tres primeros puestos habr\u00e1n asegurado su lugar en la AmeriCup U16 del a\u00f1o pr\u00f3ximo, que a su vez otorga cuatro boletos para el Mundial U17 del 2026.<\/p>\n<p style=\"text-align: justify;\"><strong>SELECCI\u00d3N NACIONAL U15 MASCULINA \u2013 SUDAMERICANO DE ECUADOR<\/strong><br \/>\n<strong>Mateo Eckert Vouk | 2009 | Luis Luciano de Urdinarra\u00edn<\/strong><br \/>\nGino Gramaglia | 2009 | Ben Hur de Rafaela<br \/>\nEnzo Roth | 2009 | Napost\u00e1 de Bah\u00eda Blanca<br \/>\nJuan Benicio Dollberg | 2010 | Tres de Febrero<br \/>\nMat\u00edas Montenegro | 2009 | Andes Talleres de Mendoza<br \/>\nTom\u00e1s Sandes Ortega | 2009 | Leonardo Murialdo de Mendoza<br \/>\nGer\u00f3nimo Brocal | 2009 | Hind\u00fa Club de Resistencia<br \/>\nAgust\u00edn Della Negra | 2009 | Boca Jrs<br \/>\nFacundo Mathieu | 2009 | Hind\u00fa Club de C\u00f3rdoba<br \/>\nIan Torres | 2009 | Villa San Mart\u00edn de Resistencia<br \/>\nGianluca Fabi | 2009 | Pistoia (ITA)<br \/>\nIgor Joloidovski | 2009 | Instituto de C\u00f3rdoba<\/p>\n<p style=\"text-align: justify;\"><strong>Entrenador Principal:<\/strong>\u00a0Juan Pablo Fern\u00e1ndez<br \/>\n<strong>Entrenadores Asistentes:<\/strong>\u00a0Alejandro Silveira, Ignacio Giambartolomei<br \/>\n<strong>Entrenadores Invitados:<\/strong>\u00a0Nicol\u00e1s M\u00e1rquez, Ricardo Di Bella, Nicol\u00e1s Boeri<br \/>\n<strong>Preparador F\u00edsico:<\/strong>\u00a0Yonathan Rodr\u00edguez<br \/>\n<strong>Kinesi\u00f3logo:<\/strong>\u00a0Juan Thiago Favre<br \/>\n<strong>Utilero:<\/strong>\u00a0Luciano Salgueiro<br \/>\n<strong>Coordinador:<\/strong>\u00a0Mariano Marcos<br \/>\n<strong>Jefe de Equipo:<\/strong>\u00a0Hern\u00e1n Tettamanti<\/p>\n<p style=\"text-align: justify;\"><strong>CRONOGRAMA<\/strong><br \/>\n<em>Mi\u00e9rcoles 23\/10<\/em><br \/>\n22.00hs \u2013 Ecuador vs Argentina<br \/>\n<em>Jueves 24\/10<\/em><br \/>\n19.30hs \u2013 Paraguay vs Argentina<br \/>\n<em>Viernes 25\/10<\/em><br \/>\n19.30hs \u2013 Argentina vs Colombia<br \/>\n<em>S\u00e1bado 26\/10<\/em><br \/>\nSemifinales<\/p>\n","protected":false},"excerpt":{"rendered":"<p>La Selecci\u00f3n Nacional U15 masculina confirm\u00f3 su plantel para el Sudamericano de la categor\u00eda, que se desarrollar\u00e1 del 21 al 27 de octubre en Pasaje, Ecuador. Los chicos se encuentran concentrados en el CeNARD desde el pasado 7 de octubre. Hay tres plazas disponibles para la AmeriCup U16 del a\u00f1o pr\u00f3ximo. El cuerpo t\u00e9cnico que [&hellip;]<\/p>\n","protected":false},"author":1,"featured_media":17229,"comment_status":"closed","ping_status":"open","sticky":false,"template":"","format":"standard","meta":[],"categories":[19],"tags":[],"_links":{"self":[{"href":"https:\/\/entreriosbasquet.com\/site\/wp-json\/wp\/v2\/posts\/17228"}],"collection":[{"href":"https:\/\/entreriosbasquet.com\/site\/wp-json\/wp\/v2\/posts"}],"about":[{"href":"https:\/\/entreriosbasquet.com\/site\/wp-json\/wp\/v2\/types\/post"}],"author":[{"embeddable":true,"href":"https:\/\/entreriosbasquet.com\/site\/wp-json\/wp\/v2\/users\/1"}],"replies":[{"embeddable":true,"href":"https:\/\/entreriosbasquet.com\/site\/wp-json\/wp\/v2\/comments?post=17228"}],"version-history":[{"count":1,"href":"https:\/\/entreriosbasquet.com\/site\/wp-json\/wp\/v2\/posts\/17228\/revisions"}],"predecessor-version":[{"id":17230,"href":"https:\/\/entreriosbasquet.com\/site\/wp-json\/wp\/v2\/posts\/17228\/revisions\/17230"}],"wp:featuredmedia":[{"embeddable":true,"href":"https:\/\/entreriosbasquet.com\/site\/wp-json\/wp\/v2\/media\/17229"}],"wp:attachment":[{"href":"https:\/\/entreriosbasquet.com\/site\/wp-json\/wp\/v2\/media?parent=17228"}],"wp:term":[{"taxonomy":"category","embeddable":true,"href":"https:\/\/entreriosbasquet.com\/site\/wp-json\/wp\/v2\/categories?post=17228"},{"taxonomy":"post_tag","embeddable":true,"href":"https:\/\/entreriosbasquet.com\/site\/wp-json\/wp\/v2\/tags?post=17228"}],"curies":[{"name":"wp","href":"https:\/\/api.w.org\/{rel}","templated":true}]}}